{"id":15489,"date":"2024-12-10T15:45:15","date_gmt":"2024-12-10T15:45:15","guid":{"rendered":"https:\/\/247stiri.ro\/index.php\/2024\/12\/10\/a-fost-prins-detinutul-din-galati-care-a-fugit-in-timp-ce-era-scos-la-munca-unde-l-au-gasit-politistii\/"},"modified":"2024-12-10T15:45:15","modified_gmt":"2024-12-10T15:45:15","slug":"a-fost-prins-detinutul-din-galati-care-a-fugit-in-timp-ce-era-scos-la-munca-unde-l-au-gasit-politistii","status":"publish","type":"post","link":"https:\/\/247stiri.ro\/index.php\/2024\/12\/10\/a-fost-prins-detinutul-din-galati-care-a-fugit-in-timp-ce-era-scos-la-munca-unde-l-au-gasit-politistii\/","title":{"rendered":"A fost prins de\u021binutul din Gala\u021bi care a fugit \u00een timp ce era scos la munc\u0103. Unde l-au g\u0103sit poli\u021bi\u0219tii?"},"content":{"rendered":"<p>De\u0163inutul Ciobanu Alexandru George, \u00een v\u00e2rst\u0103 de 24 de ani, condamnat definitiv la 8 luni de \u00eenchisoare pentru s\u0103v\u00e2r\u015firea infrac\u0163iunii de conducere f\u0103r\u0103 permis a fost capturat \u00een cursul zilei de azi, 10.12.2024, \u00een jurul orei 16,30, pe raza municipiului Galati, \u00een zona Micro 16, de c\u0103tre o echip\u0103 de poli\u0163i\u015fti din cadrul IPJ Gala\u0163i. Acesta va fi re\u00eencarcerat \u00een sistemul penitenciar. \u00cen leg\u0103tur\u0103 cu fapta s\u0103v\u00e2r\u015fit\u0103, administra\u0163ia Penitenciarului Gala\u0163i a informat judec\u0103torul de supraveghere a priv\u0103rii de libertate, fiind totodat\u0103 sesizat \u015fi Parchetul de pe l\u00e2ng\u0103 Judec\u0103toria Gala\u0163i. Preciz\u0103m c\u0103, \u00een urma acestui incident, persoana privat\u0103 de libertate va face obiectul unor m\u0103suri disciplinare suplimentare, conform legisla\u0163iei \u00een vigoare \u015fi va fi evaluat\u0103 pentru reclasificarea regimului de deten\u0163ie&#8221;, se arat\u0103 \u00eentr-un comunicat de pres\u0103 remis de Penitenciarul Gala\u0163i.Sursa citat\u0103 precizeaz\u0103 c\u0103 la nivelul Penitenciarului Gala\u0163i este \u00een derulare o anchet\u0103 intern\u0103, pentru a analiza cauzele \u015fi circumstan\u0163ele care au condus la producerea incidentului \u015fi \u00een func\u0163ie de rezultatele acesteia vor fi dispuse m\u0103surile legale corespunz\u0103toare.&#8221;Reiter\u0103m faptul c\u0103 p\u0103r\u0103sirea f\u0103r\u0103 autorizare a locului de de\u0163inere este asimilat\u0103 infrac\u0163iunii de evadare \u015fi se pedepse\u015fte, conform prevederilor articolului 285 din Codul Penal, cu \u00eenchisoarea de la 6 luni la 3 ani&#8221;, a mai transmis Penitenciarul Gala\u0163i.<a href=\"https:\/\/www.realitatea.net\/stiri\/actual\/politia-din-galati-in-alerta-un-detinut-a-evadat-marti-dimineata_6757fbb38a016125aa3f90d2\" target=\"_blank\">Un de\u0163inut din cadrul Penitenciarului de Maxim\u0103 Siguran\u0163\u0103 Gala\u0163i a evadat<\/a>, mar\u0163i diminea\u0163\u0103, \u00een timp ce era scos la munc\u0103 pe Faleza Dun\u0103rii din municipiul re\u015fedin\u0163\u0103.&#8221;Mar\u0163i, \u00een jurul orei 07,15, s-a constatat c\u0103 de\u0163inutul Ciobanu Alexandru George, custodiat de Penitenciarul Gala\u0163i, \u00een v\u00e2rst\u0103 de 24 de ani, condamnat definitiv la 8 luni de \u00eenchisoare pentru s\u0103v\u00e2r\u015firea infrac\u0163iunii de conducere f\u0103r\u0103 permis, clasificat \u00een regim deschis, a p\u0103r\u0103sit punctul de lucru exterior SP ECOSAL Gala\u0163i. De\u0163inutul are \u00een\u0103l\u0163imea de 1,75 m, statur\u0103 atletic\u0103, ochi c\u0103prui, spr\u00e2ncene arcuite, fa\u0163\u0103 oval\u0103, ten deschis, p\u0103r \u015faten \u00eenchis, cu barba tuns\u0103 scurt, multiple tatuaje pe bra\u0163e, iar la momentul p\u0103r\u0103sirii punctului de lucru purta geac\u0103 neagr\u0103 lucioas\u0103, pantaloni de trening \u00eenchi\u015fi la culoare, fes deschis la culoare, adida\u015fi albi marca &#8222;Nike&#8221; &#8222;, a informat, mar\u0163i diminea\u0163\u0103, Penitenciarul Gala\u0163i.<\/p>","protected":false},"excerpt":{"rendered":"<p>De\u0163inutul Ciobanu Alexandru George, \u00een v\u00e2rst\u0103 de 24 de ani, condamnat definitiv la 8 luni&hellip;<\/p>\n","protected":false},"author":0,"featured_media":15490,"comment_status":"open","ping_status":"open","sticky":false,"template":"","format":"standard","meta":{"footnotes":""},"categories":[2],"tags":[],"class_list":["post-15489","post","type-post","status-publish","format-standard","has-post-thumbnail","hentry","category-actual"],"_links":{"self":[{"href":"https:\/\/247stiri.ro\/index.php\/wp-json\/wp\/v2\/posts\/15489","targetHints":{"allow":["GET"]}}],"collection":[{"href":"https:\/\/247stiri.ro\/index.php\/wp-json\/wp\/v2\/posts"}],"about":[{"href":"https:\/\/247stiri.ro\/index.php\/wp-json\/wp\/v2\/types\/post"}],"replies":[{"embeddable":true,"href":"https:\/\/247stiri.ro\/index.php\/wp-json\/wp\/v2\/comments?post=15489"}],"version-history":[{"count":0,"href":"https:\/\/247stiri.ro\/index.php\/wp-json\/wp\/v2\/posts\/15489\/revisions"}],"wp:featuredmedia":[{"embeddable":true,"href":"https:\/\/247stiri.ro\/index.php\/wp-json\/wp\/v2\/media\/15490"}],"wp:attachment":[{"href":"https:\/\/247stiri.ro\/index.php\/wp-json\/wp\/v2\/media?parent=15489"}],"wp:term":[{"taxonomy":"category","embeddable":true,"href":"https:\/\/247stiri.ro\/index.php\/wp-json\/wp\/v2\/categories?post=15489"},{"taxonomy":"post_tag","embeddable":true,"href":"https:\/\/247stiri.ro\/index.php\/wp-json\/wp\/v2\/tags?post=15489"}],"curies":[{"name":"wp","href":"https:\/\/api.w.org\/{rel}","templated":true}]}}