{"id":15494,"date":"2024-12-10T15:45:16","date_gmt":"2024-12-10T15:45:16","guid":{"rendered":"https:\/\/247stiri.ro\/index.php\/2024\/12\/10\/negocieri-pe-noul-guvern-kelemen-hunor-ar-fi-pacat-sa-ne-certam-pe-functii\/"},"modified":"2024-12-10T15:45:16","modified_gmt":"2024-12-10T15:45:16","slug":"negocieri-pe-noul-guvern-kelemen-hunor-ar-fi-pacat-sa-ne-certam-pe-functii","status":"publish","type":"post","link":"https:\/\/247stiri.ro\/index.php\/2024\/12\/10\/negocieri-pe-noul-guvern-kelemen-hunor-ar-fi-pacat-sa-ne-certam-pe-functii\/","title":{"rendered":"Negocieri pe noul Guvern. Kelemen Hunor: \u201eAr fi p\u0103cat s\u0103 ne cert\u0103m pe func\u021bii!\u201d"},"content":{"rendered":"<p>Pre\u015fedintele UDMR a declarat c\u0103 primul pas este s\u0103 avem o majoritate parlamentar\u0103. \u201dPe 20, 21 decembrie, noul Parlament trebuie convocat, c\u0103 atunci se termin\u0103 mandatul actualului Parlament \u015fi o majoritate trebuie s\u0103 pun\u0103 un guvern c\u00e2t de repede se poate \u015fi binen\u0163eles, trebuie un program de guvernare prin care toate deciziile vor fi pragmatice \u015fi \u00een folosul oamenilor, fiindc\u0103 trebuie s\u0103 \u00een\u0163elegem furia oamenilor\u201d, a spus liderul UDMR.<\/p>\n<p>El a men\u0163ionat c\u0103 degeaba spui cu datele statistice c\u0103 o ducem bine, c\u0103 a crescut PIB-ul.<\/p>\n<p>\u201dEste adev\u0103rat, dar oamenii, mai ales la periferia societ\u0103\u0163ii, sunt furio\u015fi, oameni care au so\u0163, so\u0163ie pleca\u0163i la munc\u0103, sunt furio\u015fi. Dac\u0103 noi nu \u00een\u0163elegem furia oamenilor \u015fi nu vrem s\u0103 facem dreptate \u015fi asta este important, ca m\u0103surile s\u0103 aduc\u0103 dreptate&#8230;Nu au fost discu\u0163ii p\u00e2n\u0103 acum\u201d, a mai ar\u0103tat Kelemen Hunor.<\/p>\n<p>Kelemen Hunor a ar\u0103tat c\u0103 s\u0103pt\u0103m\u00e2na trecut\u0103 au fost discu\u0163iile privind aceast\u0103 mare majoritate \u00een Parlament.<\/p>\n<p><a href=\"https:\/\/www.realitatea.net\/stiri\/actual\/kelemen-hunor-il-invita-pe-iohannis-sa-renunte-mai-repede-la-mandat-pe-2122-decembrie-ar-putea-sa-o-faca_6758515e612d4f6aed259b32\" target=\"_blank\">Kelemen Hunor \u00eel invit\u0103 pe Iohannis s\u0103 renun\u021be mai repede la mandat: \u201ePe 21-22 decembrie ar putea s\u0103 o fac\u0103\u201d<\/a><\/p>\n<p>\u201dAst\u0103zi, la ora 19.00 ne vom \u00eent\u00e2lni PSD, PNL, USR, UDMR \u015fi minorit\u0103\u0163i \u015fi \u00eencep discu\u0163iile\u201d, a anun\u0163at pre\u015fedintele UDMR.<\/p>\n<p>\u201dAr fi o gre\u015feal\u0103 ca aceast\u0103 coali\u0163ie, \u00een fa\u0163a oamenilor, s\u0103 se certe pe func\u0163ii. Asta ar fi prima gre\u015feal\u0103, pentru c\u0103 \u00een acest moment trebuie s\u0103 vii cu solu\u0163ii\u201d, a mai spus Kelemen Hunor, el preciz\u00e2nd c\u0103 o alt\u0103 gre\u015feal\u0103 ar fi ca aceast\u0103 coali\u0163ie s\u0103 aib\u0103 doi sau trei candida\u0163i la preziden\u0163iale, pentru c\u0103 s-a v\u0103zut la alegeri c\u0103 niciunul nu a intrat \u00een turul doi.<\/p>\n<p>\u201dPuterea trebuie \u00eemp\u0103r\u0163it\u0103, ca s\u0103 aib\u0103 fiecare o responsabilitate\u201d, a mai afirmat Kelemen Hunor.<\/p>","protected":false},"excerpt":{"rendered":"<p>Pre\u015fedintele UDMR a declarat c\u0103 primul pas este s\u0103 avem o majoritate parlamentar\u0103. \u201dPe 20,&hellip;<\/p>\n","protected":false},"author":0,"featured_media":15487,"comment_status":"open","ping_status":"open","sticky":false,"template":"","format":"standard","meta":{"footnotes":""},"categories":[2],"tags":[],"class_list":["post-15494","post","type-post","status-publish","format-standard","has-post-thumbnail","hentry","category-actual"],"_links":{"self":[{"href":"https:\/\/247stiri.ro\/index.php\/wp-json\/wp\/v2\/posts\/15494","targetHints":{"allow":["GET"]}}],"collection":[{"href":"https:\/\/247stiri.ro\/index.php\/wp-json\/wp\/v2\/posts"}],"about":[{"href":"https:\/\/247stiri.ro\/index.php\/wp-json\/wp\/v2\/types\/post"}],"replies":[{"embeddable":true,"href":"https:\/\/247stiri.ro\/index.php\/wp-json\/wp\/v2\/comments?post=15494"}],"version-history":[{"count":0,"href":"https:\/\/247stiri.ro\/index.php\/wp-json\/wp\/v2\/posts\/15494\/revisions"}],"wp:featuredmedia":[{"embeddable":true,"href":"https:\/\/247stiri.ro\/index.php\/wp-json\/wp\/v2\/media\/15487"}],"wp:attachment":[{"href":"https:\/\/247stiri.ro\/index.php\/wp-json\/wp\/v2\/media?parent=15494"}],"wp:term":[{"taxonomy":"category","embeddable":true,"href":"https:\/\/247stiri.ro\/index.php\/wp-json\/wp\/v2\/categories?post=15494"},{"taxonomy":"post_tag","embeddable":true,"href":"https:\/\/247stiri.ro\/index.php\/wp-json\/wp\/v2\/tags?post=15494"}],"curies":[{"name":"wp","href":"https:\/\/api.w.org\/{rel}","templated":true}]}}