{"id":15502,"date":"2024-12-10T16:45:41","date_gmt":"2024-12-10T16:45:41","guid":{"rendered":"https:\/\/247stiri.ro\/index.php\/2024\/12\/10\/telefoanele-mobile-ar-putea-fi-interzise-in-scoli-de-cand-va-intra-in-vigoare-aceasta-lege\/"},"modified":"2024-12-10T16:45:41","modified_gmt":"2024-12-10T16:45:41","slug":"telefoanele-mobile-ar-putea-fi-interzise-in-scoli-de-cand-va-intra-in-vigoare-aceasta-lege","status":"publish","type":"post","link":"https:\/\/247stiri.ro\/index.php\/2024\/12\/10\/telefoanele-mobile-ar-putea-fi-interzise-in-scoli-de-cand-va-intra-in-vigoare-aceasta-lege\/","title":{"rendered":"Telefoanele mobile ar putea fi interzise \u00een \u0219coli. De c\u00e2nd va intra \u00een vigoare aceast\u0103 lege"},"content":{"rendered":"<p>Telefoanele mobile ar putea fi interzise \u00een \u015fcolile dintr-o \u0163ar\u0103 european\u0103. Ce ani de studiu ar fi afecta\u0163i. Portugalia are \u00een plan s\u0103 interzic\u0103, \u00eencep\u00e2nd de anul viitor, telefoanele mobile \u00een \u015fcoli pentru copiii care se afl\u0103 \u00een clasele I-VI. Anun\u0163ul a fost f\u0103cut de ministrul Educa\u0163iei, \u015etiin\u0163ei \u015fi Inov\u0103rii, Fernando Alexandre, cit\u00e2nd efectele negative asupra copiilor, scrie un site interna\u021bional de \u0219tiri.<\/p>\n<p>Recomandarea interdic\u0163iei a venit din partea guvernului \u015fi momentan, implementarea acesteia r\u0103m\u00e2ne la latitudinea fiec\u0103rei unit\u0103\u0163i de \u00eenv\u0103\u0163\u0103m\u00e2nt. Cu toate acestea, \u00een func\u0163ie de rezultate, recomandarea s-ar putea transforma \u00een m\u0103sur\u0103 obligatorie \u00een toate \u015fcolile.<\/p>\n<p>\u201eTrebuie s\u0103 folosim dovezi (informa\u0163ii \u015ftiin\u0163ifice), trebuie s\u0103 folosim studii \u015fi trebuie s\u0103 implement\u0103m practici mai bune. [&#8230;] Dup\u0103 evaluare \u015fi cu dovezile care se adaug\u0103, de asemenea, \u00een alte \u0163\u0103ri, vom efectua aceast\u0103 evaluare \u015fi, dac\u0103 exist\u0103 dovezi \u00een acest sens [ale unei interdic\u0163ii], nu vom avea nicio problem\u0103 [\u00een a face acest lucru] [&#8230;]. Este firesc s\u0103 existe o schimbare politic\u0103 \u00een anul urm\u0103tor\u201d, a subliniat ministrul portughez al Educa\u0163iei, potrivit sursei citate.<\/p>\n<p>\u201eRecomandarea pe care a f\u0103cut-o guvernul este o interdic\u0163ie. Ceea ce facem \u00een acest an este s\u0103 studiem rezultatul acestei recomand\u0103ri, astfel \u00eenc\u00e2t anul viitor s\u0103 putem reevalua m\u0103sura\u201d, a declarat Fernando Alexandre jurnali\u015ftilor.<\/p>\n<p>Potrivit mediafax.ro, mai mult de jum\u0103tate dintre elevii din ciclul al doilea, din clasele a V-a \u015fi a VI-a, petrec cel pu\u0163in patru ore pe s\u0103pt\u0103m\u00e2n\u0103 \u00een fa\u0163a unui ecran, arat\u0103 un studiu publicat luni privind bun\u0103starea \u015fi s\u0103n\u0103tatea mintal\u0103 a copiilor \u015fi tinerilor.<\/p>\n<p>\u0218i alte \u0163\u0103ri europene au o astfel de m\u0103sur\u0103 implementat\u0103 \u00een \u015fcoli sau au adoptat recent acest lucru. Printre acestea se afl\u0103 Italia, Spania, Fran\u0163a, Ungaria \u015fi \u0162\u0103rile de Jos.<\/p>","protected":false},"excerpt":{"rendered":"<p>Telefoanele mobile ar putea fi interzise \u00een \u015fcolile dintr-o \u0163ar\u0103 european\u0103. Ce ani de studiu&hellip;<\/p>\n","protected":false},"author":0,"featured_media":15499,"comment_status":"open","ping_status":"open","sticky":false,"template":"","format":"standard","meta":{"footnotes":""},"categories":[2],"tags":[],"class_list":["post-15502","post","type-post","status-publish","format-standard","has-post-thumbnail","hentry","category-actual"],"_links":{"self":[{"href":"https:\/\/247stiri.ro\/index.php\/wp-json\/wp\/v2\/posts\/15502","targetHints":{"allow":["GET"]}}],"collection":[{"href":"https:\/\/247stiri.ro\/index.php\/wp-json\/wp\/v2\/posts"}],"about":[{"href":"https:\/\/247stiri.ro\/index.php\/wp-json\/wp\/v2\/types\/post"}],"replies":[{"embeddable":true,"href":"https:\/\/247stiri.ro\/index.php\/wp-json\/wp\/v2\/comments?post=15502"}],"version-history":[{"count":0,"href":"https:\/\/247stiri.ro\/index.php\/wp-json\/wp\/v2\/posts\/15502\/revisions"}],"wp:featuredmedia":[{"embeddable":true,"href":"https:\/\/247stiri.ro\/index.php\/wp-json\/wp\/v2\/media\/15499"}],"wp:attachment":[{"href":"https:\/\/247stiri.ro\/index.php\/wp-json\/wp\/v2\/media?parent=15502"}],"wp:term":[{"taxonomy":"category","embeddable":true,"href":"https:\/\/247stiri.ro\/index.php\/wp-json\/wp\/v2\/categories?post=15502"},{"taxonomy":"post_tag","embeddable":true,"href":"https:\/\/247stiri.ro\/index.php\/wp-json\/wp\/v2\/tags?post=15502"}],"curies":[{"name":"wp","href":"https:\/\/api.w.org\/{rel}","templated":true}]}}