{"id":15503,"date":"2024-12-10T16:45:42","date_gmt":"2024-12-10T16:45:42","guid":{"rendered":"https:\/\/247stiri.ro\/index.php\/2024\/12\/10\/ministerul-investitiilor-si-proiectelor-europene-aloca-in-luna-decembrie-o-noua-transa-de-250-lei-pentru-alimente-pentru-26-milioane-de-romani\/"},"modified":"2024-12-10T16:45:42","modified_gmt":"2024-12-10T16:45:42","slug":"ministerul-investitiilor-si-proiectelor-europene-aloca-in-luna-decembrie-o-noua-transa-de-250-lei-pentru-alimente-pentru-26-milioane-de-romani","status":"publish","type":"post","link":"https:\/\/247stiri.ro\/index.php\/2024\/12\/10\/ministerul-investitiilor-si-proiectelor-europene-aloca-in-luna-decembrie-o-noua-transa-de-250-lei-pentru-alimente-pentru-26-milioane-de-romani\/","title":{"rendered":"Ministerul Investi\u0163iilor \u015fi Proiectelor Europene aloc\u0103 \u00een luna decembrie o nou\u0103 tran\u0219\u0103 de 250 lei pentru alimente pentru 2,6 milioane de rom\u00e2ni"},"content":{"rendered":"<p>Potrivit MIPE, \u00eencep\u00e2nd cu data de 12 decembrie, cardurile pentru alimente (tichetele sociale) vor fi \u00eenc\u0103rcate cu suma de 250 de lei, iar beneficiarii acestui sprijin sunt:<\/p>\n<p>\u2022 Persoanele cu dizabilit\u0103\u0163i (copii \u015fi adul\u0163i) \u00eencadrate \u00een grad de handicap grav, accentuat sau mediu, ale c\u0103ror venituri lunare sunt mai mici sau egale cu 2.210 lei;<\/p>\n<p>\u2022 Familiile cu cel pu\u0163in 2 copii \u00een \u00eentre\u0163inere, cu venituri lunare pe membru de familie mai mici sau egale cu 675 lei;<\/p>\n<p>\u2022 Familiile monoparentale, cu venituri lunare realizate pe membru de familie mai mici sau egale cu 675 lei;<\/p>\n<p>\u2022 Familiile \u015fi persoanele singure care beneficiaz\u0103 de ajutor de incluziune, \u00een conformitate cu prevederile Legii nr. 196\/2016 privind venitul minim de incluziune;<\/p>\n<p>\u2022 Pensionarii sistemului public de pensii, ai caselor de pensii sectoriale \u015fi beneficiarii de drepturi speciale, ale c\u0103ror venituri lunare sunt mai mici sau egale cu 2.210 lei;<\/p>\n<p>\u2022 Persoanele f\u0103r\u0103 ad\u0103post, conform legisla\u0163iei \u00een vigoare.<\/p>\n<p>\u00a0\u201eNe asigur\u0103m c\u0103 sprijinul ajunge la timp \u015fi contribuie la un trai decent pentru cei care au cea mai mare nevoie de el. P\u00e2n\u0103 la finalul anului, 2,6 milioane de beneficiari vor primi aceast\u0103 nou\u0103 tran\u015f\u0103 pentru alimente, foarte util\u0103 \u00een perioada s\u0103rb\u0103torilor\u201d, a declarat Adrian C\u00e2ciu, ministrul Investi\u0163iilor \u015fi Proiectelor Europene.<\/p>\n<p>M\u0103sura este finan\u0163at\u0103 prin Programul Incluziune \u015fi Demnitate Social\u0103 2021-2027, conform prevederilor Ordonan\u0163ei de urgen\u0163\u0103 nr. 115 din 14 decembrie 2023 privind unele m\u0103suri fiscal-bugetare \u00een domeniul cheltuielilor publice, combaterea evaziunii fiscale \u015fi consolidarea fiscal\u0103, cu modific\u0103rile \u015fi complet\u0103rile ulterioare.<\/p>","protected":false},"excerpt":{"rendered":"<p>Potrivit MIPE, \u00eencep\u00e2nd cu data de 12 decembrie, cardurile pentru alimente (tichetele sociale) vor fi&hellip;<\/p>\n","protected":false},"author":0,"featured_media":15504,"comment_status":"open","ping_status":"open","sticky":false,"template":"","format":"standard","meta":{"footnotes":""},"categories":[2],"tags":[],"class_list":["post-15503","post","type-post","status-publish","format-standard","has-post-thumbnail","hentry","category-actual"],"_links":{"self":[{"href":"https:\/\/247stiri.ro\/index.php\/wp-json\/wp\/v2\/posts\/15503","targetHints":{"allow":["GET"]}}],"collection":[{"href":"https:\/\/247stiri.ro\/index.php\/wp-json\/wp\/v2\/posts"}],"about":[{"href":"https:\/\/247stiri.ro\/index.php\/wp-json\/wp\/v2\/types\/post"}],"replies":[{"embeddable":true,"href":"https:\/\/247stiri.ro\/index.php\/wp-json\/wp\/v2\/comments?post=15503"}],"version-history":[{"count":0,"href":"https:\/\/247stiri.ro\/index.php\/wp-json\/wp\/v2\/posts\/15503\/revisions"}],"wp:featuredmedia":[{"embeddable":true,"href":"https:\/\/247stiri.ro\/index.php\/wp-json\/wp\/v2\/media\/15504"}],"wp:attachment":[{"href":"https:\/\/247stiri.ro\/index.php\/wp-json\/wp\/v2\/media?parent=15503"}],"wp:term":[{"taxonomy":"category","embeddable":true,"href":"https:\/\/247stiri.ro\/index.php\/wp-json\/wp\/v2\/categories?post=15503"},{"taxonomy":"post_tag","embeddable":true,"href":"https:\/\/247stiri.ro\/index.php\/wp-json\/wp\/v2\/tags?post=15503"}],"curies":[{"name":"wp","href":"https:\/\/api.w.org\/{rel}","templated":true}]}}