{"id":15554,"date":"2024-12-10T19:45:35","date_gmt":"2024-12-10T19:45:35","guid":{"rendered":"https:\/\/247stiri.ro\/index.php\/2024\/12\/10\/baza-aeriana-de-la-mihail-kogalniceanu-vizitata-de-ministrul-apararii-si-ambasadorul-sua-in-romania\/"},"modified":"2024-12-10T19:45:35","modified_gmt":"2024-12-10T19:45:35","slug":"baza-aeriana-de-la-mihail-kogalniceanu-vizitata-de-ministrul-apararii-si-ambasadorul-sua-in-romania","status":"publish","type":"post","link":"https:\/\/247stiri.ro\/index.php\/2024\/12\/10\/baza-aeriana-de-la-mihail-kogalniceanu-vizitata-de-ministrul-apararii-si-ambasadorul-sua-in-romania\/","title":{"rendered":"Baza aerian\u0103 de la Mihail Kog\u0103lniceanu, vizitat\u0103 de ministrul Ap\u0103r\u0103rii \u0219i ambasadorul SUA \u00een Rom\u00e2nia"},"content":{"rendered":"<p>Potrivit Ministerului Ap\u0103r\u0103rii, la activitate a participat, de asemenea, \u015feful Statului Major al For\u0163elor Aeriene, generalul-locotenent Leonard Baraboi.\u00a0<\/p>\n<p>\u00a0<\/p>\n<p>Cei doi oficiali au avut o \u00eent\u00e2lnire cu o delega\u0163ie format\u0103 din ata\u015fa\u0163i ai ap\u0103r\u0103rii din \u0163\u0103rile membre ale NATO, acredita\u0163i la Bucure\u015fti, afla\u0163i \u00een vizit\u0103 de informare \u00een Baza 57 Aerian\u0103.\u00a0<\/p>\n<p>\u00cen cadrul discu\u0163iilor, Angel T\u00eelv\u0103r \u015fi-a exprimat aprecierea pentru nivelul ridicat al colabor\u0103rii alia\u0163ilor din NATO cu Rom\u00e2nia, ceea ce reprezint\u0103 o expresie concret\u0103 a solidarit\u0103\u0163ii \u015fi o dovad\u0103 a validit\u0103\u0163ii\u00a0 scopului fondator al Alian\u0163ei, acela de a asigura ap\u0103rarea fiec\u0103rui stat din spa\u0163iul euroatlantic \u015fi a descuraja orice agresiune \u00eempotriva teritoriului aliat.\u00a0<\/p>\n<p>\u201dAm sim\u0163it nevoia s\u0103 transmit tuturor alia\u0163ilor no\u015ftri c\u0103 Rom\u00e2nia r\u0103m\u00e2ne ferm angajat\u0103 pe parcursul euroatlantic asumat, c\u0103 op\u0163iunea poporului rom\u00e2n de a se al\u0103tura spa\u0163iului comun care valorizeaz\u0103 pacea, democra\u0163ia \u015fi libertatea r\u0103m\u00e2ne solid\u0103, la fel \u015fi decizia de a ne aduce propria contribu\u0163ie la \u00eent\u0103rirea securit\u0103\u0163ii \u00een regiune&#8221;, a declarat ministrul Angel T\u00eelv\u0103r \u00een discu\u0163ia cu ata\u015fa\u0163ii militari, citat \u0103n comunicatul de pres\u0103 transmis de Ministerul Ap\u0103r\u0103rii.<\/p>\n<p>De asemenea, oficialii s-au \u00eent\u00e2lnit \u015fi cu reprezentan\u0163ii conducerii\u00a0 Bazei 57 Aeriene \u015fi ai contingentelor de militari alia\u0163i disloca\u0163i la Mihail Kog\u0103lniceanu.\u00a0<\/p>\n<p>Comandorul Nicolae Cre\u0163u, comandantul Bazei 57 Aerian\u0103, a prezentat stadiul proiectelor de infrastructur\u0103 aflate \u00een desf\u0103\u015furare la Mihail Kog\u0103lniceanu.<\/p>\n<p>\u201dLucr\u0103rile executate \u00een cadrul primei etape de extindere a infrastructurii sunt \u00een grafic \u015fi se desf\u0103\u015foar\u0103 \u00een ritm sus\u0163inut. Delega\u0163ia oficial\u0103 s-a deplasat pe \u015fantier pentru a se informa din teren cu privire la progresele realizate, concentr\u00e2ndu-se, \u00een special, pe capabilit\u0103\u0163ile opera\u0163ionale &#8211; edificarea noii piste din compunerea bazei aeriene, precum \u015fi\u00a0 pe infrastructura de sus\u0163inere aferent\u0103\u201d, a mai transmis MApN.<\/p>\n<p>Angel T\u00eelv\u0103r \u015fi ambasadoarea Kavalec s-au \u00eent\u00e2lnit, totodat\u0103, cu militari rom\u00e2ni, spanioli, americani \u015fi francezi care \u00ee\u015fi desf\u0103\u015foar\u0103 activitatea \u00een baza de la Mihail Kog\u0103lniceanu.\u00a0<\/p>\n<p>Ministrul Ap\u0103r\u0103rii a mul\u0163umit tuturor pentru modul \u00een care \u00ee\u015fi execut\u0103 misiunile \u00eempreun\u0103, ca rezultat al unui parteneriat al c\u0103rui nivel de \u00eencredere constituie fundamentul leg\u0103turilor \u015fi \u00eencrederii reciproce dintre \u0163\u0103rile membre ale NATO.<\/p>\n<p>\u201dV\u0103 desf\u0103\u015fura\u0163i activitatea \u00een condi\u0163iile unui mediu de securitate din ce \u00een ce mai plin de provoc\u0103ri \u015fi face\u0163i asta cu sim\u0163ul datoriei \u015fi cu asumarea responsabilit\u0103\u0163ilor importante care v\u0103 sunt \u00eencredin\u0163ate. V\u0103 transmit \u00eentreaga recuno\u015ftin\u0163\u0103 \u015fi deplinul respect pentru contribu\u0163ia la \u00eent\u0103rirea securit\u0103\u0163ii \u015fi ap\u0103r\u0103rii Rom\u00e2niei. Transmit de aici, din baza militar\u0103 aliat\u0103 aflat\u0103 cel mai aproape de zona r\u0103zboiului declan\u015fat de Federa\u0163ia Rus\u0103, un mesaj de \u00eencredere pentru to\u0163i cet\u0103\u0163enii \u0163\u0103rii noastre \u015fi ai \u0163\u0103rilor aliate. For\u0163ele noastre armate au capacitatea de a garanta o via\u0163\u0103 \u00een normalitate, \u00een pace \u015fi \u00een lini\u015fte pentru to\u0163i cei care tr\u0103iesc \u00een spa\u0163iul comun aliat&#8221;, a mai afirmat ministrul Angel T\u00eelv\u0103r.<\/p>\n<p>Ministrul ap\u0103r\u0103rii na\u0163ionale a transmis, de asemenea, g\u00e2nduri bune cu ocazia apropiatelor s\u0103rb\u0103tori de iarn\u0103 militarilor \u015fi familiilor acestora.\u00a0<\/p>\n<p>\u00a0<\/p>","protected":false},"excerpt":{"rendered":"<p>Potrivit Ministerului Ap\u0103r\u0103rii, la activitate a participat, de asemenea, \u015feful Statului Major al For\u0163elor Aeriene,&hellip;<\/p>\n","protected":false},"author":0,"featured_media":15544,"comment_status":"open","ping_status":"open","sticky":false,"template":"","format":"standard","meta":{"footnotes":""},"categories":[2],"tags":[],"class_list":["post-15554","post","type-post","status-publish","format-standard","has-post-thumbnail","hentry","category-actual"],"_links":{"self":[{"href":"https:\/\/247stiri.ro\/index.php\/wp-json\/wp\/v2\/posts\/15554","targetHints":{"allow":["GET"]}}],"collection":[{"href":"https:\/\/247stiri.ro\/index.php\/wp-json\/wp\/v2\/posts"}],"about":[{"href":"https:\/\/247stiri.ro\/index.php\/wp-json\/wp\/v2\/types\/post"}],"replies":[{"embeddable":true,"href":"https:\/\/247stiri.ro\/index.php\/wp-json\/wp\/v2\/comments?post=15554"}],"version-history":[{"count":0,"href":"https:\/\/247stiri.ro\/index.php\/wp-json\/wp\/v2\/posts\/15554\/revisions"}],"wp:featuredmedia":[{"embeddable":true,"href":"https:\/\/247stiri.ro\/index.php\/wp-json\/wp\/v2\/media\/15544"}],"wp:attachment":[{"href":"https:\/\/247stiri.ro\/index.php\/wp-json\/wp\/v2\/media?parent=15554"}],"wp:term":[{"taxonomy":"category","embeddable":true,"href":"https:\/\/247stiri.ro\/index.php\/wp-json\/wp\/v2\/categories?post=15554"},{"taxonomy":"post_tag","embeddable":true,"href":"https:\/\/247stiri.ro\/index.php\/wp-json\/wp\/v2\/tags?post=15554"}],"curies":[{"name":"wp","href":"https:\/\/api.w.org\/{rel}","templated":true}]}}