{"id":15588,"date":"2024-12-11T05:45:17","date_gmt":"2024-12-11T05:45:17","guid":{"rendered":"https:\/\/247stiri.ro\/index.php\/2024\/12\/11\/lovitura-pentru-presedinta-comisiei-europene-ursula-von-der-leyen-acuzata-ca-intervine-in-alegerile-din-romania-cum-o-trage-pe-kovesi-in-scandal\/"},"modified":"2024-12-11T05:45:17","modified_gmt":"2024-12-11T05:45:17","slug":"lovitura-pentru-presedinta-comisiei-europene-ursula-von-der-leyen-acuzata-ca-intervine-in-alegerile-din-romania-cum-o-trage-pe-kovesi-in-scandal","status":"publish","type":"post","link":"https:\/\/247stiri.ro\/index.php\/2024\/12\/11\/lovitura-pentru-presedinta-comisiei-europene-ursula-von-der-leyen-acuzata-ca-intervine-in-alegerile-din-romania-cum-o-trage-pe-kovesi-in-scandal\/","title":{"rendered":"Lovitur\u0103 pentru pre\u0219edinta Comisiei Europene, Ursula von der Leyen: acuzat\u0103 c\u0103 intervine \u00een alegerile din Rom\u00e2nia. Cum o trage pe Kovesi \u00een scandal"},"content":{"rendered":"<p>Una dintre cele mai citite publica\u021bii franceze o critic\u0103 aspru pe \u0219efa Comisiei Europene dup\u0103 comentariile pe care le-a f\u0103cut privind alegerile preziden\u021biale din Rom\u00e2nia.<\/p>\n<p>Jurnali\u0219tii de la France Soir afirm\u0103 despre Ursula von der Leyen c\u0103 \u201dse bag\u0103 prea mult\u201d \u00een alegerile din Rom\u00e2nia \u0219i \u00eei amintesc acesteia c\u0103 \u201daceste lucruri nu fac parte din fi\u0219a postului pe care \u00eel ocup\u0103 la v\u00e2rful Uniunii Europene.<\/p>\n<p>Reac\u021bia f\u0103r\u0103 precedent a jurnali\u0219tilor francezi vine dup\u0103 ce Ursula a felicitat anularea alegerilor din Rom\u00e2nia \u00een urma victoriei din primul tur al preziden\u021bialelor a lui C\u0103lin Georgescu.\u00a0<\/p>\n<p>\u201ePoporul rom\u00e2n este cel care trebuie s\u0103 decid\u0103 ce este mai bine pentru \u0163ar\u0103, f\u0103r\u0103 interferen\u0163e str\u0103ine\u201d, a spus Ursula von der Leyen, f\u0103c\u00e2nd referire la acuza\u021biile din jurul lui C\u0103lin Georgescu.<\/p>\n<p>De asemenea, jurnali\u0219tii din Fran\u021ba afirm\u0103 c\u0103 \u0219efa Comisiei Europene va pl\u0103ti cu func\u021bia \u00een scandalul vaccinurilor anti-Covid.\u00a0<\/p>\n<p>Scandalul din pandemie o trage dup\u0103 ea \u0219i pe \u0219efa Parchetului European, Laura Codru\u021ba Kovesi. Lobby\u0219tii belgieni, \u00een frunte cu Frederic Baldan, au depus numeroase pl\u00e2ngeri pe numele Ursulei von der Leyen pentru interven\u021bii \u00een cump\u0103rarea de doze de vaccin, asta \u00een timp ce Parchetul European \u00eent\u00e2rzie ancheta, acuz\u0103 jurnali\u0219tii francezi.\u00a0<\/p>","protected":false},"excerpt":{"rendered":"<p>Una dintre cele mai citite publica\u021bii franceze o critic\u0103 aspru pe \u0219efa Comisiei Europene dup\u0103&hellip;<\/p>\n","protected":false},"author":0,"featured_media":15583,"comment_status":"open","ping_status":"open","sticky":false,"template":"","format":"standard","meta":{"footnotes":""},"categories":[3],"tags":[],"class_list":["post-15588","post","type-post","status-publish","format-standard","has-post-thumbnail","hentry","category-politica"],"_links":{"self":[{"href":"https:\/\/247stiri.ro\/index.php\/wp-json\/wp\/v2\/posts\/15588","targetHints":{"allow":["GET"]}}],"collection":[{"href":"https:\/\/247stiri.ro\/index.php\/wp-json\/wp\/v2\/posts"}],"about":[{"href":"https:\/\/247stiri.ro\/index.php\/wp-json\/wp\/v2\/types\/post"}],"replies":[{"embeddable":true,"href":"https:\/\/247stiri.ro\/index.php\/wp-json\/wp\/v2\/comments?post=15588"}],"version-history":[{"count":0,"href":"https:\/\/247stiri.ro\/index.php\/wp-json\/wp\/v2\/posts\/15588\/revisions"}],"wp:featuredmedia":[{"embeddable":true,"href":"https:\/\/247stiri.ro\/index.php\/wp-json\/wp\/v2\/media\/15583"}],"wp:attachment":[{"href":"https:\/\/247stiri.ro\/index.php\/wp-json\/wp\/v2\/media?parent=15588"}],"wp:term":[{"taxonomy":"category","embeddable":true,"href":"https:\/\/247stiri.ro\/index.php\/wp-json\/wp\/v2\/categories?post=15588"},{"taxonomy":"post_tag","embeddable":true,"href":"https:\/\/247stiri.ro\/index.php\/wp-json\/wp\/v2\/tags?post=15588"}],"curies":[{"name":"wp","href":"https:\/\/api.w.org\/{rel}","templated":true}]}}