{"id":15591,"date":"2024-12-11T05:45:18","date_gmt":"2024-12-11T05:45:18","guid":{"rendered":"https:\/\/247stiri.ro\/index.php\/2024\/12\/11\/simion-reactie-dura-dupa-ce-psd-pnl-usr-si-udmr-s-au-unit-astia-sunt-nenorocitii-care-si-au-batut-joc-de-prezidentiale-care-se-cramponeaza-de-putere\/"},"modified":"2024-12-11T05:45:18","modified_gmt":"2024-12-11T05:45:18","slug":"simion-reactie-dura-dupa-ce-psd-pnl-usr-si-udmr-s-au-unit-astia-sunt-nenorocitii-care-si-au-batut-joc-de-prezidentiale-care-se-cramponeaza-de-putere","status":"publish","type":"post","link":"https:\/\/247stiri.ro\/index.php\/2024\/12\/11\/simion-reactie-dura-dupa-ce-psd-pnl-usr-si-udmr-s-au-unit-astia-sunt-nenorocitii-care-si-au-batut-joc-de-prezidentiale-care-se-cramponeaza-de-putere\/","title":{"rendered":"Simion, reac\u021bie dur\u0103 dup\u0103 ce PSD, PNL, USR \u0219i UDMR s-au unit: \u0102\u015ftia sunt nenoroci\u0163ii care \u0219i-au b\u0103tut joc de preziden\u021biale, care se cramponeaz\u0103 de putere"},"content":{"rendered":"<p>Liderul AUR \u00eei acuz\u0103 pe ace\u0219tia c\u0103 au min\u021bit \u00een campania electoral\u0103 pentru a-i strica imaginea. Mai exact, George Simion spulber\u0103 toate acuza\u021biile de blat \u00eentre PSD \u0219i AUR.\u00a0<\/p>\n<p>\u201dComunicat comun al celor care ne acuzau pe noi, dac\u0103 mai \u0163ine\u0163i minte, aveau pancarte, Binomul PSD- AUR. Mai \u0163ine\u0163i minte, \u00een campanie, ce ne acuzau useri\u015ftii, c\u0103 noi suntem o crea\u0163ie a PSD, c\u0103 facem alian\u0163\u0103 cu PSD? Ei, comunicat de ultim\u0103 or\u0103, alian\u0163\u0103 PSD \u2013 USR \u2013 PNL \u2013 UDMR.<\/p>\n<p>\u0102\u015ftia sunt nenoroci\u0163ii care \u015fi-au b\u0103tut joc de alegerile preziden\u0163iale \u015fi de voin\u0163a rom\u00e2nilor. \u0102\u015ftia sunt nenoroci\u0163ii care se cramponeaz\u0103 de putere. Vor s\u0103 r\u0103m\u00e2n\u0103 ei\u201d, a spus George Simion, mar\u0163i sear\u0103, pe Facebook.<\/p>","protected":false},"excerpt":{"rendered":"<p>Liderul AUR \u00eei acuz\u0103 pe ace\u0219tia c\u0103 au min\u021bit \u00een campania electoral\u0103 pentru a-i strica&hellip;<\/p>\n","protected":false},"author":0,"featured_media":15592,"comment_status":"open","ping_status":"open","sticky":false,"template":"","format":"standard","meta":{"footnotes":""},"categories":[3],"tags":[],"class_list":["post-15591","post","type-post","status-publish","format-standard","has-post-thumbnail","hentry","category-politica"],"_links":{"self":[{"href":"https:\/\/247stiri.ro\/index.php\/wp-json\/wp\/v2\/posts\/15591","targetHints":{"allow":["GET"]}}],"collection":[{"href":"https:\/\/247stiri.ro\/index.php\/wp-json\/wp\/v2\/posts"}],"about":[{"href":"https:\/\/247stiri.ro\/index.php\/wp-json\/wp\/v2\/types\/post"}],"replies":[{"embeddable":true,"href":"https:\/\/247stiri.ro\/index.php\/wp-json\/wp\/v2\/comments?post=15591"}],"version-history":[{"count":0,"href":"https:\/\/247stiri.ro\/index.php\/wp-json\/wp\/v2\/posts\/15591\/revisions"}],"wp:featuredmedia":[{"embeddable":true,"href":"https:\/\/247stiri.ro\/index.php\/wp-json\/wp\/v2\/media\/15592"}],"wp:attachment":[{"href":"https:\/\/247stiri.ro\/index.php\/wp-json\/wp\/v2\/media?parent=15591"}],"wp:term":[{"taxonomy":"category","embeddable":true,"href":"https:\/\/247stiri.ro\/index.php\/wp-json\/wp\/v2\/categories?post=15591"},{"taxonomy":"post_tag","embeddable":true,"href":"https:\/\/247stiri.ro\/index.php\/wp-json\/wp\/v2\/tags?post=15591"}],"curies":[{"name":"wp","href":"https:\/\/api.w.org\/{rel}","templated":true}]}}