{"id":15671,"date":"2024-12-11T11:45:17","date_gmt":"2024-12-11T11:45:17","guid":{"rendered":"https:\/\/247stiri.ro\/index.php\/2024\/12\/11\/raporteaza-ura-o-platforma-anonima-pentru-raportarea-infractiunilor-motivate-de-ura\/"},"modified":"2024-12-11T11:45:17","modified_gmt":"2024-12-11T11:45:17","slug":"raporteaza-ura-o-platforma-anonima-pentru-raportarea-infractiunilor-motivate-de-ura","status":"publish","type":"post","link":"https:\/\/247stiri.ro\/index.php\/2024\/12\/11\/raporteaza-ura-o-platforma-anonima-pentru-raportarea-infractiunilor-motivate-de-ura\/","title":{"rendered":"\u201eRaporteaz\u0103 Ura\u201d: O platform\u0103 anonim\u0103 pentru raportarea infrac\u021biunilor motivate de ur\u0103"},"content":{"rendered":"<p>O solu\u021bie pentru o problem\u0103 \u00een cre\u0219tere<\/p>\n<p>Lansarea platformei vine \u00een contextul unei cre\u0219teri alarmante a discursurilor extremiste \u0219i a atacurilor motivate de ur\u0103 \u00een Rom\u00e2nia. Prin intermediul \u201eRaporteaz\u0103 Ura\u201d, victimele \u0219i martorii pot semnala aceste incidente \u00eentr-un mediu sigur, f\u0103r\u0103 teama de represalii.<\/p>\n<p>De\u0219i utilizarea platformei nu \u00eenlocuie\u0219te<a href=\"https:\/\/www.realitatea.net\/stiri\/extern\/o-familie-este-obligata-sa-stinga-luminitele-de-craciun-din-cauza-vecinilor-este-o-discriminare_67536389c80e17185b038052\" target=\"_blank\"> raportarea oficial\u0103 c\u0103tre autorit\u0103\u021bi<\/a>, aceasta reprezint\u0103 o alternativ\u0103 accesibil\u0103 \u0219i anonim\u0103 pentru cei care ezit\u0103 s\u0103 apeleze la poli\u021bie din cauza lipsei de \u00eencredere sau a temerilor legate de stigmatizare.<\/p>\n<p>Servicii de sprijin pentru victime<\/p>\n<p>Platforma nu se limiteaz\u0103 la colectarea informa\u021biilor despre incidente, ci ofer\u0103 \u0219i sprijin direct pentru victime:<\/p>\n<p>Consiliere juridic\u0103 gratuit\u0103 pentru cei care doresc s\u0103-\u0219i apere drepturile;Sprijin psihologic individual, pentru gestionarea traumelor;Acces la grupuri de suport, care ofer\u0103 un cadru sigur pentru a \u00eemp\u0103rt\u0103\u0219i experien\u021be \u0219i a g\u0103si solu\u021bii \u00eempreun\u0103.<\/p>\n<p>Situa\u021bia alarmant\u0103 din Rom\u00e2nia<\/p>\n<p>Conform unui raport al Agen\u021biei pentru Drepturi Fundamentale a Uniunii Europene, Rom\u00e2nia se afl\u0103 pe locul doi \u00een clasamentul ostilit\u0103\u021bii fa\u021b\u0103 de persoanele LGBT+ \u00een UE, al\u0103turi de Polonia. Aceast\u0103 realitate este accentuat\u0103 de un procent extrem de sc\u0103zut de raportare a infrac\u021biunilor motivate de ur\u0103: doar 4% dintre victime aleg s\u0103 sesizeze poli\u021bia.<\/p>\n<p>Platforma \u201eRaporteaz\u0103 Ura\u201d \u00ee\u0219i propune s\u0103 adune date statistice relevante, care s\u0103 demonstreze amploarea fenomenului \u0219i s\u0103 pun\u0103 presiune asupra institu\u021biilor statului pentru a implementa m\u0103suri eficiente de combatere a urii \u0219i discrimin\u0103rii.<\/p>\n<p>Asocia\u021bia Accept subliniaz\u0103 c\u0103 fiecare raportare este important\u0103, deoarece contribuie la o mai bun\u0103 \u00een\u021belegere a fenomenului \u0219i sprijin\u0103 ini\u021biativele de advocacy. Datele colectate vor fi utilizate pentru a sus\u021bine dezvoltarea unor politici publice care s\u0103 promoveze toleran\u021ba \u0219i incluziunea social\u0103.<\/p>\n<p>Cum poate fi utilizat\u0103 platforma<\/p>\n<p>\u201eRaporteaz\u0103 Ura\u201d poate fi accesat\u0103 la adresa raporteazaura.acceptromania.ro, iar Asocia\u021bia Accept \u00eencurajeaz\u0103 toate persoanele care au fost victime sau martori ai unor astfel de incidente s\u0103 foloseasc\u0103 aceast\u0103 platform\u0103. Prin raportarea acestor cazuri, utilizatorii pot contribui la construirea unei societ\u0103\u021bi mai sigure, \u00een care ura \u0219i discriminarea nu-\u0219i mai g\u0103sesc locul.<\/p>\n<p><a href=\"https:\/\/www.realitatea.net\/stiri\/actual\/scandal-la-euro-2024-romania-a-fost-amendata-de-uefa-cu-40000-de-euro-pentru-rasism-si-discriminare_66a24687b5813317ab71d9b9\" target=\"_blank\">Aceast\u0103 ini\u021biativ\u0103 reprezint\u0103<\/a> un pas semnificativ spre crearea unui mediu mai sigur \u0219i incluziv \u00een Rom\u00e2nia, \u00eencuraj\u00e2nd cet\u0103\u021benii s\u0103 se implice activ \u00een combaterea urii.<\/p>\n<p>\u00a0<\/p>","protected":false},"excerpt":{"rendered":"<p>O solu\u021bie pentru o problem\u0103 \u00een cre\u0219tere Lansarea platformei vine \u00een contextul unei cre\u0219teri alarmante&hellip;<\/p>\n","protected":false},"author":0,"featured_media":15672,"comment_status":"open","ping_status":"open","sticky":false,"template":"","format":"standard","meta":{"footnotes":""},"categories":[2],"tags":[],"class_list":["post-15671","post","type-post","status-publish","format-standard","has-post-thumbnail","hentry","category-actual"],"_links":{"self":[{"href":"https:\/\/247stiri.ro\/index.php\/wp-json\/wp\/v2\/posts\/15671","targetHints":{"allow":["GET"]}}],"collection":[{"href":"https:\/\/247stiri.ro\/index.php\/wp-json\/wp\/v2\/posts"}],"about":[{"href":"https:\/\/247stiri.ro\/index.php\/wp-json\/wp\/v2\/types\/post"}],"replies":[{"embeddable":true,"href":"https:\/\/247stiri.ro\/index.php\/wp-json\/wp\/v2\/comments?post=15671"}],"version-history":[{"count":0,"href":"https:\/\/247stiri.ro\/index.php\/wp-json\/wp\/v2\/posts\/15671\/revisions"}],"wp:featuredmedia":[{"embeddable":true,"href":"https:\/\/247stiri.ro\/index.php\/wp-json\/wp\/v2\/media\/15672"}],"wp:attachment":[{"href":"https:\/\/247stiri.ro\/index.php\/wp-json\/wp\/v2\/media?parent=15671"}],"wp:term":[{"taxonomy":"category","embeddable":true,"href":"https:\/\/247stiri.ro\/index.php\/wp-json\/wp\/v2\/categories?post=15671"},{"taxonomy":"post_tag","embeddable":true,"href":"https:\/\/247stiri.ro\/index.php\/wp-json\/wp\/v2\/tags?post=15671"}],"curies":[{"name":"wp","href":"https:\/\/api.w.org\/{rel}","templated":true}]}}