{"id":15700,"date":"2024-12-11T13:45:18","date_gmt":"2024-12-11T13:45:18","guid":{"rendered":"https:\/\/247stiri.ro\/index.php\/2024\/12\/11\/sfarsit-devastator-pentru-un-sofer-roman-de-tir-petre-a-ars-de-viu-in-5-minute-video\/"},"modified":"2024-12-11T13:45:18","modified_gmt":"2024-12-11T13:45:18","slug":"sfarsit-devastator-pentru-un-sofer-roman-de-tir-petre-a-ars-de-viu-in-5-minute-video","status":"publish","type":"post","link":"https:\/\/247stiri.ro\/index.php\/2024\/12\/11\/sfarsit-devastator-pentru-un-sofer-roman-de-tir-petre-a-ars-de-viu-in-5-minute-video\/","title":{"rendered":"Sf\u00e2r\u0219it DEVASTATOR pentru un \u0219ofer rom\u00e2n de TIR! Petre a ars de viu \u00een 5 minute &#8211; VIDEO"},"content":{"rendered":"<p>Cum s-a \u00eent\u00e2mplat tragedia<\/p>\n<p><a href=\"https:\/\/www.realitatea.net\/stiri\/ultimele-stiri\/carcel-strangulatorul-de-femei-a-fost-condamnat-cati-ani-de-inchisoare-risca-soferul-de-tir_673f873f28285a2d4c643522\" target=\"_blank\">Incidentul s-a petrecut<\/a> duminic\u0103 sear\u0103, 8 decembrie, \u00een jurul orei 21:30, \u00eentr-o zon\u0103 industrial\u0103 din ora\u015f, unde rom\u00e2nul se oprise pentru a se odihni dup\u0103 ce \u00ee\u015fi desc\u0103rcase marfa.<\/p>\n<p>Se pare c\u0103 focul a izbucnit rapid, iar \u00een doar c\u00e2teva minute cabina camionului s-a transformat \u00eentr-o tor\u0163\u0103. De\u015fi doi poli\u0163i\u015fti au ajuns primii la fa\u0163a locului, \u00eencerc\u00e2nd s\u0103-l salveze, focul era deja mult prea mare pentru a fi stins. Unul dintre agen\u0163i a suferit arsuri \u00een \u00eencercarea disperat\u0103 de a sparge fereastra cabinei pentru a-l scoate pe Petre, \u00eens\u0103, din p\u0103cate, nu a reu\u015fit s\u0103-l salveze.<\/p>\n<p>Petre a fost g\u0103sit carbonizat \u00een interiorul cabinei, iar identificarea sa s-a f\u0103cut ulterior pe baza declara\u021biei proprietarului firmei de transport care de\u0163inea camionul.<\/p>\n<p><a href=\"https:\/\/www.realitatea.net\/stiri\/actual\/sfarsit-cumplit-pentru-un-roman-de-32-de-ani-barbatul-sa-inecat-intrun-rau-din-italia_669119d621afe95a7a3e8ce3\" target=\"_blank\">\u00a0Potrivit primelor informa\u0163ii<\/a>, incendiul ar fi fost provocat de o baterie defect\u0103 aflat\u0103 sub scaunul \u015foferului. Tragedia a l\u0103sat o \u00eentreag\u0103 comunitate \u00eendurerat\u0103, iar familia rom\u00e2nului nu a avut nicio \u015fans\u0103 s\u0103-l salveze de la un sf\u00e2r\u015fit cumplit.<\/p>\n<p><a title=\"@necnek1\" href=\"https:\/\/www.tiktok.com\/@necnek1?refer=embed\" target=\"_blank\">@necnek1<\/a> <a title=\"incendiucamioane\" href=\"https:\/\/www.tiktok.com\/tag\/incendiucamioane?refer=embed\" target=\"_blank\">#incendiucamioane<\/a> <a title=\"soferitadecamion\" href=\"https:\/\/www.tiktok.com\/tag\/soferitadecamion?refer=embed\" target=\"_blank\">#soferitadecamion<\/a> <a title=\"comunitate\" href=\"https:\/\/www.tiktok.com\/tag\/comunitate?refer=embed\" target=\"_blank\">#comunitate<\/a> <a title=\"italia\" href=\"https:\/\/www.tiktok.com\/tag\/italia?refer=embed\" target=\"_blank\">#italia<\/a> <a title=\"foryou\" href=\"https:\/\/www.tiktok.com\/tag\/foryou?refer=embed\" target=\"_blank\">#foryou<\/a> <a title=\"\u266c Originalton\" href=\"https:\/\/www.tiktok.com\/music\/Originalton-7321676221519285025?refer=embed\" target=\"_blank\">\u266c Originalton<\/a><\/p>","protected":false},"excerpt":{"rendered":"<p>Cum s-a \u00eent\u00e2mplat tragedia Incidentul s-a petrecut duminic\u0103 sear\u0103, 8 decembrie, \u00een jurul orei 21:30,&hellip;<\/p>\n","protected":false},"author":0,"featured_media":15701,"comment_status":"open","ping_status":"open","sticky":false,"template":"","format":"standard","meta":{"footnotes":""},"categories":[2],"tags":[],"class_list":["post-15700","post","type-post","status-publish","format-standard","has-post-thumbnail","hentry","category-actual"],"_links":{"self":[{"href":"https:\/\/247stiri.ro\/index.php\/wp-json\/wp\/v2\/posts\/15700","targetHints":{"allow":["GET"]}}],"collection":[{"href":"https:\/\/247stiri.ro\/index.php\/wp-json\/wp\/v2\/posts"}],"about":[{"href":"https:\/\/247stiri.ro\/index.php\/wp-json\/wp\/v2\/types\/post"}],"replies":[{"embeddable":true,"href":"https:\/\/247stiri.ro\/index.php\/wp-json\/wp\/v2\/comments?post=15700"}],"version-history":[{"count":0,"href":"https:\/\/247stiri.ro\/index.php\/wp-json\/wp\/v2\/posts\/15700\/revisions"}],"wp:featuredmedia":[{"embeddable":true,"href":"https:\/\/247stiri.ro\/index.php\/wp-json\/wp\/v2\/media\/15701"}],"wp:attachment":[{"href":"https:\/\/247stiri.ro\/index.php\/wp-json\/wp\/v2\/media?parent=15700"}],"wp:term":[{"taxonomy":"category","embeddable":true,"href":"https:\/\/247stiri.ro\/index.php\/wp-json\/wp\/v2\/categories?post=15700"},{"taxonomy":"post_tag","embeddable":true,"href":"https:\/\/247stiri.ro\/index.php\/wp-json\/wp\/v2\/tags?post=15700"}],"curies":[{"name":"wp","href":"https:\/\/api.w.org\/{rel}","templated":true}]}}