{"id":1572,"date":"2024-10-24T14:06:26","date_gmt":"2024-10-24T14:06:26","guid":{"rendered":"https:\/\/247stiri.ro\/index.php\/2024\/10\/24\/moarte-cumplita-pentru-un-copil-de-2-ani-din-braila-a-fost-calcat-cu-tractorul-de-tatal-sau\/"},"modified":"2024-10-24T14:06:26","modified_gmt":"2024-10-24T14:06:26","slug":"moarte-cumplita-pentru-un-copil-de-2-ani-din-braila-a-fost-calcat-cu-tractorul-de-tatal-sau","status":"publish","type":"post","link":"https:\/\/247stiri.ro\/index.php\/2024\/10\/24\/moarte-cumplita-pentru-un-copil-de-2-ani-din-braila-a-fost-calcat-cu-tractorul-de-tatal-sau\/","title":{"rendered":"Moarte cumplit\u0103 pentru un copil de 2 ani din Br\u0103ila! A fost c\u0103lcat cu tractorul de tat\u0103l s\u0103u"},"content":{"rendered":"<p>Cum s-a \u00eent\u00e2mplat tragedia<\/p>\n<p><a href=\"https:\/\/www.realitatea.net\/stiri\/actual\/ele-sunt-victimele-accidentului-rutier-cumplit-din-braila-camelia-a-murit-alaturi-de-fiica-sa-maria-in-varsta-de-3-ani_6714f9b10edb931d4b790589\" target=\"_blank\" rel=\"noopener\">Tragedia s-a petrecut<\/a> \u00eentr-o zi de joi, \u00een jurul orei 10:25, c\u00e2nd tat\u0103l copilului, un b\u0103rbat de 51 de ani, manevra tractorul \u00een curte. \u00cen mod accidental, utilajul l-a lovit pe b\u0103ie\u021bel, provoc\u00e2ndu-i r\u0103ni incompatibile cu via\u021ba. \u00cen disperare, tat\u0103l \u0219i-a luat copilul \u0219i l-a dus imediat la cabinetul medical din localitate, sper\u00e2nd c\u0103 medicii vor reu\u0219i s\u0103-l resusciteze. Din nefericire, eforturile acestora au fost \u00een zadar, iar decesul micu\u021bului a fost constatat la scurt timp.<\/p>\n<p>Autorit\u0103\u021bile locale au intervenit rapid la<a href=\"https:\/\/www.realitatea.net\/stiri\/mediu\/tragedie-un-barbat-a-fost-inghitit-cu-tot-cu-tractor-dupa-ce-portile-iadului-sau-deschis-dolina-are-o-adancime-de-12-metri_66f172964f36c461522830b2\" target=\"_blank\" rel=\"noopener\"> locul incidentului,<\/a> iar poli\u021bi\u0219tii au deschis o anchet\u0103 pentru a stabili circumstan\u021bele exacte ale tragicului accident. Tat\u0103l copilului a fost testat cu aparatul etilotest, rezultatul fiind negativ, excluz\u00e2nd astfel consumul de alcool drept o posibil\u0103 cauz\u0103 a accidentului. Cercet\u0103rile continu\u0103 pentru a clarifica toate detaliile.<\/p>\n<p>\u201eLa data de 24 octombrie a.c., \u00een jurul orei 10:25, s-a sesizat prin apel 112 faptul c\u0103 un copil ar fi fost c\u0103lcat de un utilaj (tractor) \u00een comuna br\u0103ilean\u0103 Tufe\u015fti. Din primele date a reie\u015fit c\u0103, \u00een curtea unui imobil din comuna Tufe\u015fti, un b\u0103rbat de 51 de ani ar fi efectuat manevre cu un utilaj \u015fi l-ar fi accidentat pe fiul s\u0103u de 2 ani. B\u0103rbatul a transportat copilul la cabinetul medical din localitate solicit\u00e2nd ajutor de specialitate, fiind constatat decesul minorului\u201d, a transmis IPJ Br\u0103ila.<\/p>","protected":false},"excerpt":{"rendered":"<p>Cum s-a \u00eent\u00e2mplat tragedia Tragedia s-a petrecut \u00eentr-o zi de joi, \u00een jurul orei 10:25,&hellip;<\/p>\n","protected":false},"author":0,"featured_media":1573,"comment_status":"open","ping_status":"open","sticky":false,"template":"","format":"standard","meta":{"footnotes":""},"categories":[2],"tags":[],"class_list":["post-1572","post","type-post","status-publish","format-standard","has-post-thumbnail","hentry","category-actual"],"_links":{"self":[{"href":"https:\/\/247stiri.ro\/index.php\/wp-json\/wp\/v2\/posts\/1572","targetHints":{"allow":["GET"]}}],"collection":[{"href":"https:\/\/247stiri.ro\/index.php\/wp-json\/wp\/v2\/posts"}],"about":[{"href":"https:\/\/247stiri.ro\/index.php\/wp-json\/wp\/v2\/types\/post"}],"replies":[{"embeddable":true,"href":"https:\/\/247stiri.ro\/index.php\/wp-json\/wp\/v2\/comments?post=1572"}],"version-history":[{"count":0,"href":"https:\/\/247stiri.ro\/index.php\/wp-json\/wp\/v2\/posts\/1572\/revisions"}],"wp:featuredmedia":[{"embeddable":true,"href":"https:\/\/247stiri.ro\/index.php\/wp-json\/wp\/v2\/media\/1573"}],"wp:attachment":[{"href":"https:\/\/247stiri.ro\/index.php\/wp-json\/wp\/v2\/media?parent=1572"}],"wp:term":[{"taxonomy":"category","embeddable":true,"href":"https:\/\/247stiri.ro\/index.php\/wp-json\/wp\/v2\/categories?post=1572"},{"taxonomy":"post_tag","embeddable":true,"href":"https:\/\/247stiri.ro\/index.php\/wp-json\/wp\/v2\/tags?post=1572"}],"curies":[{"name":"wp","href":"https:\/\/api.w.org\/{rel}","templated":true}]}}