{"id":15784,"date":"2024-12-11T17:45:18","date_gmt":"2024-12-11T17:45:18","guid":{"rendered":"https:\/\/247stiri.ro\/index.php\/2024\/12\/11\/primarul-din-crevedia-a-fost-arestat-pentru-30-de-zile-este-suspect-intr-un-dosar-de-trafic-de-persoane\/"},"modified":"2024-12-11T17:45:18","modified_gmt":"2024-12-11T17:45:18","slug":"primarul-din-crevedia-a-fost-arestat-pentru-30-de-zile-este-suspect-intr-un-dosar-de-trafic-de-persoane","status":"publish","type":"post","link":"https:\/\/247stiri.ro\/index.php\/2024\/12\/11\/primarul-din-crevedia-a-fost-arestat-pentru-30-de-zile-este-suspect-intr-un-dosar-de-trafic-de-persoane\/","title":{"rendered":"Primarul din Crevedia a fost arestat pentru 30 de zile. Este suspect \u00eentr-un dosar de trafic de persoane"},"content":{"rendered":"<p>Primarul din Crevedia, Florin Petre (PSD), suspectat c\u0103 a exploatat la ferma sa de animale un b\u0103rbat cu handicap, a fost arestat pentru 30 de zile. El este acuzat de trafic de persoane.<\/p>\n<p>\u201dJudec\u0103torul de drepturi \u015fi libert\u0103\u0163i din cadrul Tribunalul D\u00e2mbovi\u0163a a dispus arestarea preventiv\u0103 a inculpatului pentru o perioad\u0103 de 30 de zile\u201d, a transmis, miercuri sear\u0103, DIICOT.<\/p>\n<p>\u00a0<\/p>\n<p>Persoana arestat\u0103 este primarul din Crevedia, Florin Petre (PSD), re\u0163inut anterior \u00eentr-un dosar \u00een care procurorii fac cercet\u0103ri pentru trafic de persoane.<\/p>\n<p>Acesta ar fi exploatat, la ferma sa de animale, o persoan\u0103 cu handicap. Victima a fost preluat\u0103 de D.G.A.S.P.C. D\u00e2mbovi\u0163a.<\/p>\n<p>\u00a0De asemenea, a fost sesizat\u0103 Direc\u0163ia Sanitar Veterinar\u0103 D\u00e2mbovi\u0163a pentru a efectua verific\u0103ri cu privire la ferma de animale ce apar\u0163ine primarului, av\u00e2nd \u00een vedere c\u0103 nu au fost identificate documente care s\u0103 ateste legalitatea func\u0163ion\u0103rii acesteia.<\/p>\n<p><a href=\"https:\/\/www.realitatea.net\/stiri\/actual\/primarul-din-crevedia-retinut-dupa-ce-a-exploatat-la-ferma-sa-de-animale-un-barbat-cu-handicap-procurorii-cer-arestare-preventiva-pentru-30-de-zile_675969587a802a561102e632\" target=\"_blank\">Primarul din Crevedia, re\u0163inut dup\u0103 ce a exploatat la ferma sa de animale un b\u0103rbat cu handicap. Procurorii cer arestare preventiv\u0103 pentru 30 de zile<\/a><\/p>\n<p>\u00a0\u201d\u00cen data de 10 decembrie 2024, la solicitarea Direc\u0163iei de Investigare a Infrac\u0163iunilor de Criminalitate Organizat\u0103 \u015fi Terorism \u2013 Biroul Teritorial D\u00e2mbovi\u0163a, inspectorii sanitari veterinari din cadrul DSVSA D\u00e2mbovi\u0163a, \u00eempreun\u0103 cu ofi\u0163erii Serviciului de Combatere a Criminalit\u0103\u0163ii Organizate D\u00e2mbovi\u0163a, au desf\u0103\u015furat o ac\u0163iune comun\u0103 de verificare \u00een localitatea Crevedia. \u00cen urma controlului efectuat la o exploata\u0163ie de animale, au fost identificate urm\u0103toarele nereguli:<\/p>\n<p>&#8211;\u00a0Proprietarul nu de\u0163inea cod de exploata\u0163ie \u00eenregistrat \u00een Baza Na\u0163ional\u0103 de Date;<\/p>\n<p>&#8211; Au fost descoperite mai multe animale neidentificate, respectiv 202 porcine \u015fi 75 de ovine identificate ca apar\u0163in\u00e2nd altei persoane\u201d, a transmis, miercuri, Autoritatea Na\u0163ional\u0103 Sanitar-Veterinar\u0103 \u015fi pentru Siguran\u0163a Alimentelor (ANSVSA).<\/p>\n<p>Potrivit sursei citate, av\u00e2nd \u00een vedere evolu\u0163ia Pestei Porcine Africane \u00een jude\u0163ul D\u00e2mbovi\u0163a \u015fi faptul c\u0103 exploata\u0163ia \u00een care sunt de\u0163inute animalele este considerat\u0103 o exploata\u0163ie cu risc major, se vor lua m\u0103surile legale necesare pentru toate cele 202 capete de porcine.<\/p>\n<p>De asemene, proprietarul fermei a fost sanc\u0163ionat contraven\u0163ional conform HG 984\/2005, primind dou\u0103 amenzi pentru de\u0163inerea de animale neidentificate \u015fi pentru \u00eenstr\u0103inarea unor animale f\u0103r\u0103 documente.<\/p>\n<p>Trei perchezi\u0163ii au avut loc, mar\u0163i diminea\u0163\u0103, la Crevedia, jude\u0163ul D\u00e2mbovi\u0163a, inclusiv la sediul unei institu\u0163ii, \u00een dosarul deschis dup\u0103 ce o persoan\u0103 cu handicap mintal accentuat permanent ar fi fost exploatat\u0103 timp de peste 2 ani, fiind pus\u0103 s\u0103 lucreze la o ferm\u0103 de animale.<\/p>\n<p>\u201dDin probatoriul administrat a reie\u015fit c\u0103, \u00eencep\u00e2nd cu luna ianuarie 2022, o persoan\u0103, cunosc\u00e2nd prin prisma func\u0163iei publice de\u0163inute starea de v\u0103dit\u0103 vulnerabilitate a unei victime cu handicap mintal accentuat permanent, (lipsit\u0103 de suport familial \u015fi de locuin\u0163\u0103) ar fi ad\u0103postit-o \u00een condi\u0163ii improprii, la ferma de animale pe care ar de\u0163ine-o, \u00een scopul exploat\u0103rii prin munc\u0103\u201d, transmitea mar\u0163i IPJ D\u00e2mbovi\u0163a.<\/p>\n<p>\u00a0<\/p>\n<p>Primarul din Crevedia a intrat \u00een aten\u0163ia public\u0103 la nivel na\u0163ional dup\u0103 explozia depozitului de gaz care func\u0163iona \u00een localitate f\u0103r\u0103 a avea toate avizele necesare. El este coleg de partid cu primarul din Caracal, Ion Doldurea, care e tat\u0103l unuia dintre patronii depozitului unde s-au produs exploziile \u00een urma c\u0103rora cinci oameni au murit, peste 50 au fost r\u0103ni\u0163i \u015fi mai multe imobile din comun\u0103 au fost distruse.<\/p>\n<p>\u00a0<\/p>\n<p>\u00cen prima \u015fedin\u0163\u0103 care a avut loc dup\u0103 explozie, Consiliul Local Crevedia a aprobat o hot\u0103r\u00e2re prin care acorda un teren fratelui unui consilier al edilului.\u00a0<\/p>\n<p>\u00a0<\/p>\n<p>&#8222;Fratele meu st\u0103 \u00een cas\u0103 la fratele meu momentan. C\u00e2t o s\u0103-l mai \u0163in\u0103 \u015fi unde doarme? Asta nu se spune? El nu a avut cas\u0103 niciodat\u0103, a fost un ajutor \u015fi nu acum de c\u00e2nd am venit eu la prim\u0103rie ca \u015fi consilier. Are cererea f\u0103cut\u0103 de foarte mult timp. Nu s-a pus ieri pe ordinea de zi ieri. Asta e treab\u0103 de luni de zile. Nici nu eram eu consilier, n-aveam nicio treab\u0103 cu prim\u0103ria c\u00e2nd a fost s\u0103 \u00eei dea lui loc de cas\u0103. (&#8230;) . Ar vrea \u015fi el s\u0103 se c\u0103s\u0103toreasc\u0103. Nu este prioritate?\u201d, a explicat consilierul, la acel moment.<\/p>\n<p>\u00a0<\/p>","protected":false},"excerpt":{"rendered":"<p>Primarul din Crevedia, Florin Petre (PSD), suspectat c\u0103 a exploatat la ferma sa de animale&hellip;<\/p>\n","protected":false},"author":0,"featured_media":15778,"comment_status":"open","ping_status":"open","sticky":false,"template":"","format":"standard","meta":{"footnotes":""},"categories":[2],"tags":[],"class_list":["post-15784","post","type-post","status-publish","format-standard","has-post-thumbnail","hentry","category-actual"],"_links":{"self":[{"href":"https:\/\/247stiri.ro\/index.php\/wp-json\/wp\/v2\/posts\/15784","targetHints":{"allow":["GET"]}}],"collection":[{"href":"https:\/\/247stiri.ro\/index.php\/wp-json\/wp\/v2\/posts"}],"about":[{"href":"https:\/\/247stiri.ro\/index.php\/wp-json\/wp\/v2\/types\/post"}],"replies":[{"embeddable":true,"href":"https:\/\/247stiri.ro\/index.php\/wp-json\/wp\/v2\/comments?post=15784"}],"version-history":[{"count":0,"href":"https:\/\/247stiri.ro\/index.php\/wp-json\/wp\/v2\/posts\/15784\/revisions"}],"wp:featuredmedia":[{"embeddable":true,"href":"https:\/\/247stiri.ro\/index.php\/wp-json\/wp\/v2\/media\/15778"}],"wp:attachment":[{"href":"https:\/\/247stiri.ro\/index.php\/wp-json\/wp\/v2\/media?parent=15784"}],"wp:term":[{"taxonomy":"category","embeddable":true,"href":"https:\/\/247stiri.ro\/index.php\/wp-json\/wp\/v2\/categories?post=15784"},{"taxonomy":"post_tag","embeddable":true,"href":"https:\/\/247stiri.ro\/index.php\/wp-json\/wp\/v2\/tags?post=15784"}],"curies":[{"name":"wp","href":"https:\/\/api.w.org\/{rel}","templated":true}]}}