{"id":1602,"date":"2024-10-24T15:26:50","date_gmt":"2024-10-24T15:26:50","guid":{"rendered":"https:\/\/247stiri.ro\/index.php\/2024\/10\/24\/becali-si-simion-impreuna-la-pelerinajul-de-sf-dimitrie-cel-nou-dupa-dezvaluirile-bomba-facute-la-culisele-statului-paralel-video\/"},"modified":"2024-10-24T15:26:50","modified_gmt":"2024-10-24T15:26:50","slug":"becali-si-simion-impreuna-la-pelerinajul-de-sf-dimitrie-cel-nou-dupa-dezvaluirile-bomba-facute-la-culisele-statului-paralel-video","status":"publish","type":"post","link":"https:\/\/247stiri.ro\/index.php\/2024\/10\/24\/becali-si-simion-impreuna-la-pelerinajul-de-sf-dimitrie-cel-nou-dupa-dezvaluirile-bomba-facute-la-culisele-statului-paralel-video\/","title":{"rendered":"Becali \u0219i Simion, \u00eempreun\u0103 la pelerinajul de Sf. Dimitrie cel Nou, dup\u0103 dezv\u0103luirile bomb\u0103 f\u0103cute la Culisele Statului Paralel &#8211; VIDEO"},"content":{"rendered":"<p>George Simion, candidatul AUR la preziden\u021biale, a mersi joi \u00eempreun\u0103 cu Gigi Becali la pelerinaj la moa\u0219tele Sf\u00e2ntului Dimitrie cel nou, pe dealul Patriarhiei din Bucure\u0219ti. \u00cen imaginile surprinse de Realitatea Plus, se observ\u0103 cum Becali \u00eel \u021bine pe dup\u0103 umeri pe candidatul AUR la preziden\u021biale.<\/p>\n<p><a href=\"https:\/\/www.realitatea.net\/stiri\/politica\/gigi-becali-sebi-ghita-mia-zis-sal-bagam-pe-simion-in-turul-2_671a49e6651b2c14a8028dc3\" target=\"_blank\" rel=\"noopener\">Gigi Becali: \u201eSebi Ghi\u021b\u0103 mi-a zis s\u0103-l b\u0103g\u0103m pe Simion \u00een turul 2\u201d<\/a><\/p>\n<p>Gigi Becali a f\u0103cut noi dezv\u0103luiri incendiare despre propunerea f\u0103cut\u0103 de Hrebenciuc s\u0103 \u00eel bage pe George Simion \u00een turul doi al alegerilor preziden\u021biale cu Ciolacu. Latifundiarul din Pipera a precizat c\u0103 liderul aur i-ar fi spus c\u0103 niciodat\u0103 nu va face guvernare cu PSD. Mai mult dec\u00e2t at\u00e2t, discu\u021bia purtat\u0103 cu fostul lider PSD a fost una purtat\u0103 ca \u00eentre prieteni.\u00a0<\/p>\n\n<p><a title='Gigi Becali: ,,Sebi Ghita mi-a zis sa-l bagam pe Simion in turul 2\"' href=\"https:\/\/www.realitatea.net\/stiri\/politica\/gigi-becali-sebi-ghita-mia-zis-sal-bagam-pe-simion-in-turul-2_671a49e6651b2c14a8028dc3\">Gigi Becali face noi dezv\u0103luiri \u00een exclusivitate la Realitatea PLUS unde vorbe\u0219te despre modul \u00een care oamenii din pres\u0103 se implic\u0103 \u00een alegeri, \u00een favoarea PSD.<\/a><a title=\"Gigi Becali arunca BOMBA! Pe cine va sustine daca George Simion nu intra in turul 2 la prezidentiale\" href=\"https:\/\/www.realitatea.net\/stiri\/actual\/gigi-arunca-bomba-pe-cine-va-sustine-becali-daca-george-simion-nu-intra-in-turul-2-de-la-prezidentiale_671a06e03d32d76b4c1d84a5\">Gigi Becali arunc\u0103 BOMBA! Pe cine va sus\u021bine dac\u0103 George Simion nu intr\u0103 \u00een turul 2 la preziden\u021biale<\/a><a title='Hrebenciuc, sforarul-sef, NU neaga discutia cu Becali: \"Am dreptul la opinie!\" - Strategia murdara facuta de PSD' href=\"https:\/\/www.realitatea.net\/stiri\/politica\/hrebenciuc-sforarulsef-nu-neaga-discutia-cu-becali-am-dreptul-la-opinie-strategia-murdara-facuta-de-psd_6718d0d406adf47f11281253\">Hrebenciuc, sforarul-\u0219ef, NU neag\u0103 discu\u021bia cu Becali: &#8222;Am dreptul la opinie!&#8221; &#8211; Strategia murdar\u0103 f\u0103cut\u0103 de PSD<\/a>\u00a0<\/p>\n<p>\u00a0<\/p>","protected":false},"excerpt":{"rendered":"<p>George Simion, candidatul AUR la preziden\u021biale, a mersi joi \u00eempreun\u0103 cu Gigi Becali la pelerinaj&hellip;<\/p>\n","protected":false},"author":0,"featured_media":1596,"comment_status":"open","ping_status":"open","sticky":false,"template":"","format":"standard","meta":{"footnotes":""},"categories":[2],"tags":[],"class_list":["post-1602","post","type-post","status-publish","format-standard","has-post-thumbnail","hentry","category-actual"],"_links":{"self":[{"href":"https:\/\/247stiri.ro\/index.php\/wp-json\/wp\/v2\/posts\/1602","targetHints":{"allow":["GET"]}}],"collection":[{"href":"https:\/\/247stiri.ro\/index.php\/wp-json\/wp\/v2\/posts"}],"about":[{"href":"https:\/\/247stiri.ro\/index.php\/wp-json\/wp\/v2\/types\/post"}],"replies":[{"embeddable":true,"href":"https:\/\/247stiri.ro\/index.php\/wp-json\/wp\/v2\/comments?post=1602"}],"version-history":[{"count":0,"href":"https:\/\/247stiri.ro\/index.php\/wp-json\/wp\/v2\/posts\/1602\/revisions"}],"wp:featuredmedia":[{"embeddable":true,"href":"https:\/\/247stiri.ro\/index.php\/wp-json\/wp\/v2\/media\/1596"}],"wp:attachment":[{"href":"https:\/\/247stiri.ro\/index.php\/wp-json\/wp\/v2\/media?parent=1602"}],"wp:term":[{"taxonomy":"category","embeddable":true,"href":"https:\/\/247stiri.ro\/index.php\/wp-json\/wp\/v2\/categories?post=1602"},{"taxonomy":"post_tag","embeddable":true,"href":"https:\/\/247stiri.ro\/index.php\/wp-json\/wp\/v2\/tags?post=1602"}],"curies":[{"name":"wp","href":"https:\/\/api.w.org\/{rel}","templated":true}]}}