{"id":16169,"date":"2024-12-13T05:45:17","date_gmt":"2024-12-13T05:45:17","guid":{"rendered":"https:\/\/247stiri.ro\/index.php\/2024\/12\/13\/razboi-in-ucraina-ziua-1024-seful-nato-avertizeaza-membrii-aliantei-nu-suntem-pregatiti-pentru-ceea-ce-ne-asteapta-live-text\/"},"modified":"2024-12-13T05:45:17","modified_gmt":"2024-12-13T05:45:17","slug":"razboi-in-ucraina-ziua-1024-seful-nato-avertizeaza-membrii-aliantei-nu-suntem-pregatiti-pentru-ceea-ce-ne-asteapta-live-text","status":"publish","type":"post","link":"https:\/\/247stiri.ro\/index.php\/2024\/12\/13\/razboi-in-ucraina-ziua-1024-seful-nato-avertizeaza-membrii-aliantei-nu-suntem-pregatiti-pentru-ceea-ce-ne-asteapta-live-text\/","title":{"rendered":"R\u0103zboi \u00een Ucraina, ziua 1024. \u0218eful NATO avertizeaz\u0103 membrii alian\u021bei: Nu suntem preg\u0103ti\u0163i pentru ceea ce ne a\u015fteapt\u0103 &#8211; LIVE TEXT"},"content":{"rendered":"<p>UPDATE 5:20 &#8211;\u00a0Mark Rutte, secretarul general al NATO, le-a spus membrilor alian\u0163ei c\u0103 trebuie s\u0103 ia \u00een considerare cheltuieli de ap\u0103rare mult mai mari, care ar trebui s\u0103 fie cu mult peste 2% din PIB, relateaz\u0103 SkyNews.<\/p>\n<p>\u201eRusia se preg\u0103te\u015fte pentru o confruntare pe termen lung, cu Ucraina \u015fi cu noi\u201d, a declarat Rutte \u00eentr-un discurs sus\u0163inut la Bruxelles.<\/p>\n<p>\u201eNu suntem preg\u0103ti\u0163i pentru ceea ce ne a\u015fteapt\u0103 \u00een patru-cinci ani\u201d, a spus secretarul general al NATO, ad\u0103ug\u00e2nd: \u201eEste timpul s\u0103 trecem la o mentalitate de r\u0103zboi \u015fi s\u0103 acceler\u0103m produc\u0163ia noastr\u0103 de ap\u0103rare \u015fi cheltuielile de ap\u0103rare\u201d, a subliniat \u015feful NATO.<\/p>\n<p>El a mai spus c\u0103 alian\u0163a trebuie s\u0103 fie lucid\u0103 \u00een ceea ce prive\u015fte ambi\u0163iile Chinei \u015fi a avertizat Beijingul c\u0103 \u00ee\u015fi consolideaz\u0103 substan\u0163ial for\u0163ele \u015fi intimideaz\u0103 Taiwanul.<\/p>","protected":false},"excerpt":{"rendered":"<p>UPDATE 5:20 &#8211;\u00a0Mark Rutte, secretarul general al NATO, le-a spus membrilor alian\u0163ei c\u0103 trebuie s\u0103&hellip;<\/p>\n","protected":false},"author":0,"featured_media":16168,"comment_status":"open","ping_status":"open","sticky":false,"template":"","format":"standard","meta":{"footnotes":""},"categories":[2],"tags":[],"class_list":["post-16169","post","type-post","status-publish","format-standard","has-post-thumbnail","hentry","category-actual"],"_links":{"self":[{"href":"https:\/\/247stiri.ro\/index.php\/wp-json\/wp\/v2\/posts\/16169","targetHints":{"allow":["GET"]}}],"collection":[{"href":"https:\/\/247stiri.ro\/index.php\/wp-json\/wp\/v2\/posts"}],"about":[{"href":"https:\/\/247stiri.ro\/index.php\/wp-json\/wp\/v2\/types\/post"}],"replies":[{"embeddable":true,"href":"https:\/\/247stiri.ro\/index.php\/wp-json\/wp\/v2\/comments?post=16169"}],"version-history":[{"count":0,"href":"https:\/\/247stiri.ro\/index.php\/wp-json\/wp\/v2\/posts\/16169\/revisions"}],"wp:featuredmedia":[{"embeddable":true,"href":"https:\/\/247stiri.ro\/index.php\/wp-json\/wp\/v2\/media\/16168"}],"wp:attachment":[{"href":"https:\/\/247stiri.ro\/index.php\/wp-json\/wp\/v2\/media?parent=16169"}],"wp:term":[{"taxonomy":"category","embeddable":true,"href":"https:\/\/247stiri.ro\/index.php\/wp-json\/wp\/v2\/categories?post=16169"},{"taxonomy":"post_tag","embeddable":true,"href":"https:\/\/247stiri.ro\/index.php\/wp-json\/wp\/v2\/tags?post=16169"}],"curies":[{"name":"wp","href":"https:\/\/api.w.org\/{rel}","templated":true}]}}