{"id":16186,"date":"2024-12-13T06:45:19","date_gmt":"2024-12-13T06:45:19","guid":{"rendered":"https:\/\/247stiri.ro\/index.php\/2024\/12\/13\/un-mare-campion-roman-s-a-stins-din-viata-a-facut-istorie-in-gimnastica\/"},"modified":"2024-12-13T06:45:19","modified_gmt":"2024-12-13T06:45:19","slug":"un-mare-campion-roman-s-a-stins-din-viata-a-facut-istorie-in-gimnastica","status":"publish","type":"post","link":"https:\/\/247stiri.ro\/index.php\/2024\/12\/13\/un-mare-campion-roman-s-a-stins-din-viata-a-facut-istorie-in-gimnastica\/","title":{"rendered":"Un mare campion rom\u00e2n s-a stins din via\u021b\u0103. A f\u0103cut istorie \u00een gimnastic\u0103"},"content":{"rendered":"<p>Un mare campion s-a stins din via\u021b\u0103<\/p>\n<p>Dan Grecu a fost primul gimnast rom\u00e2n care a c\u00e2\u015ftigat o medalie de aur, \u00een 1974, la Varna, unde a cucerit titlul mondial la inele. De asemenea, el a fost medaliat olimpic cu bronz la inele, la JO Montreal 1976.<\/p>\n<p>Dan Grecu s-a n\u0103scut la 26 septembrie 1950, \u00een Bucure\u015fti, \u015fi a absolvit Institutul de Educa\u0163ie Fizic\u0103 \u015fi Sport (IEFS) din Bucure\u015fti, promo\u0163ia 1980, devenind profesor de educa\u0163ie fizic\u0103.<\/p>\n<p>A debutat \u00een gimnastic\u0103 la v\u00e2rsta de 12 ani, la Ia\u015fi, sub \u00eendrumarea profesorului Octav Ungureanu. \u00cen 1963, a fost legitimat la clubul Viitorul Bucure\u015fti, de unde s-a transferat la Dinamo, tot \u00een Capital\u0103. La cele dou\u0103 cluburi, precum \u015fi la lotul na\u0163ional, s-a preg\u0103tit cu antrenorul Mircea R\u0103dulescu.<\/p>\n<p>Dan Grecu a c\u00e2\u015ftigat, de-a lungul carierei sale sportive, peste 15 titluri de campion na\u0163ional. \u00cen cei peste zece ani de activitate competi\u0163ional\u0103 interna\u0163ional\u0103, a participat la trei olimpiade, patru campionate mondiale \u015fi tot at\u00e2tea campionate europene, dou\u0103 jocuri mondiale universitare \u015fi la trei edi\u0163ii ale cupei mondiale, cucerind pentru gimnastica rom\u00e2neasc\u0103 primele titluri de campion mondial \u015fi european.<\/p>\n<p>A fost unul dintre sportivii cu merite deosebite \u00een afirmarea gimnasticii rom\u00e2ne\u015fti pe plan intern \u015fi peste hotare, dar \u015fi antrenor \u015fi arbitru interna\u0163ional de gimnastic\u0103.<\/p>\n<p>\u00cen anii \u201980, Dan Grecu a fost \u015fi antrenor coordonator al lotului olimpic masculin, care s-a pregatit mai bine de un deceniu la Re\u015fita.<\/p>","protected":false},"excerpt":{"rendered":"<p>Un mare campion s-a stins din via\u021b\u0103 Dan Grecu a fost primul gimnast rom\u00e2n care&hellip;<\/p>\n","protected":false},"author":0,"featured_media":16175,"comment_status":"open","ping_status":"open","sticky":false,"template":"","format":"standard","meta":{"footnotes":""},"categories":[2],"tags":[],"class_list":["post-16186","post","type-post","status-publish","format-standard","has-post-thumbnail","hentry","category-actual"],"_links":{"self":[{"href":"https:\/\/247stiri.ro\/index.php\/wp-json\/wp\/v2\/posts\/16186","targetHints":{"allow":["GET"]}}],"collection":[{"href":"https:\/\/247stiri.ro\/index.php\/wp-json\/wp\/v2\/posts"}],"about":[{"href":"https:\/\/247stiri.ro\/index.php\/wp-json\/wp\/v2\/types\/post"}],"replies":[{"embeddable":true,"href":"https:\/\/247stiri.ro\/index.php\/wp-json\/wp\/v2\/comments?post=16186"}],"version-history":[{"count":0,"href":"https:\/\/247stiri.ro\/index.php\/wp-json\/wp\/v2\/posts\/16186\/revisions"}],"wp:featuredmedia":[{"embeddable":true,"href":"https:\/\/247stiri.ro\/index.php\/wp-json\/wp\/v2\/media\/16175"}],"wp:attachment":[{"href":"https:\/\/247stiri.ro\/index.php\/wp-json\/wp\/v2\/media?parent=16186"}],"wp:term":[{"taxonomy":"category","embeddable":true,"href":"https:\/\/247stiri.ro\/index.php\/wp-json\/wp\/v2\/categories?post=16186"},{"taxonomy":"post_tag","embeddable":true,"href":"https:\/\/247stiri.ro\/index.php\/wp-json\/wp\/v2\/tags?post=16186"}],"curies":[{"name":"wp","href":"https:\/\/api.w.org\/{rel}","templated":true}]}}