{"id":16306,"date":"2024-12-13T11:45:21","date_gmt":"2024-12-13T11:45:21","guid":{"rendered":"https:\/\/247stiri.ro\/index.php\/2024\/12\/13\/cine-sunt-ziaristii-de-pe-canapeaua-lui-coldea-dan-tapalaga-sau-dan-turturica-ii-toceau-presul-de-la-usa-acesti-oameni-primeau-rechizitorii\/"},"modified":"2024-12-13T11:45:21","modified_gmt":"2024-12-13T11:45:21","slug":"cine-sunt-ziaristii-de-pe-canapeaua-lui-coldea-dan-tapalaga-sau-dan-turturica-ii-toceau-presul-de-la-usa-acesti-oameni-primeau-rechizitorii","status":"publish","type":"post","link":"https:\/\/247stiri.ro\/index.php\/2024\/12\/13\/cine-sunt-ziaristii-de-pe-canapeaua-lui-coldea-dan-tapalaga-sau-dan-turturica-ii-toceau-presul-de-la-usa-acesti-oameni-primeau-rechizitorii\/","title":{"rendered":"Cine sunt ziari\u0219tii de pe canapeaua lui Coldea? \u201dDan Tapalag\u0103 sau Dan Turturic\u0103 \u00eei toceau pre\u0219ul de la u\u0219\u0103. Ace\u0219ti oameni primeau RECHIZITORII!\u201d"},"content":{"rendered":"<p>\u00a0\u00a0\u00a0<\/p>\n<p>Mai multe publica\u021bii au reprodus \u00een 2017 declara\u021biile ofi\u021berului special Daniel Dragomir f\u0103cute la un post TV despre jurnali\u0219ti precum T\u0103p\u0103lag\u0103 \u0219i Turturic\u0103, despre care a afirmat c\u0103 &#8222;\u00eei toceau lui Coldea pre\u0219ul de la u\u0219\u0103\u201d.<\/p>\n<p>\u201ePersoanele din media erau uneltele lui Coldea. Perioada 2012 a fost un an de fierbere. Atunci eu am v\u0103zut personal intr\u00e2nd sau ie\u0219ind mai mul\u021bi oameni din media (n.r.: \u00een biroul lui Florian Coldea, prim-adjunct SRI), despre natura discu\u021biilor purtate nu \u0219tiu, dar i-am v\u0103zut. A fost o perioad\u0103 agitat\u0103. \u00cencep prin a v\u0103 spune trei nume.\u00a0Unul este Dan Turturic\u0103, \u0219tiu \u0219i filiera pe care a ajuns la Coldea. Apoi Dan Tapalag\u0103. (&#8230;) Eu nu spun c\u0103 sunt ofi\u021beri acoperi\u021bi, dar i-am v\u0103zut intr\u00e2nd sau ie\u0219ind de la generalul Coldea. Ei mergeau la Coldea pentru ce? Pentru a discuta chestiuni de siguran\u021b\u0103 na\u021bional\u0103? Pentru a sprijini siguran\u021ba cet\u0103\u021beanului? Nu cred! Ace\u0219ti oameni primeau rechizitorii.\u201d, a declarat colonelul Daniel Dragomir la un post TV, citat de <a href=\"http:\/\/flux24.ro\/cei-4-jurnalisti-din-biroul-de-la-sri-al-lui-florian-coldea-dezvaluirile-fostului-adjunct-al-lui-florian-coldea\/\">Flux24<\/a>.<\/p>\n<p>\u00a0Fostul \u0219ef din SRI spune c\u0103 rolul jurnali\u0219tilor apropia\u021bi de sistem era de a influen\u021ba opinia public\u0103.<\/p>\n<p>\u201eHotnews, Digi 24, aceste institu\u021bii media a\u0219 propune s\u0103 treac\u0103 pe sigl\u0103 o chestiune: Obiectiv protejat de SRL Coldea. Aceste institu\u021bii nu numai c\u0103 au fost utilizate \u00een scopul uneltirii, ci \u0219i protejate \u00een timp. Aceste culoare media trebuie s\u0103 se \u00eenchid\u0103 pentru c\u0103 put a mizeria acestor ani. E plin p\u0103m\u00e2ntul de mizerie \u0219i de abuz\u201d, a mai declarat Dragomir, la un post TV.<\/p>\n<p>\u00a0<\/p>","protected":false},"excerpt":{"rendered":"<p>\u00a0\u00a0\u00a0 Mai multe publica\u021bii au reprodus \u00een 2017 declara\u021biile ofi\u021berului special Daniel Dragomir f\u0103cute la&hellip;<\/p>\n","protected":false},"author":0,"featured_media":16298,"comment_status":"open","ping_status":"open","sticky":false,"template":"","format":"standard","meta":{"footnotes":""},"categories":[2],"tags":[],"class_list":["post-16306","post","type-post","status-publish","format-standard","has-post-thumbnail","hentry","category-actual"],"_links":{"self":[{"href":"https:\/\/247stiri.ro\/index.php\/wp-json\/wp\/v2\/posts\/16306","targetHints":{"allow":["GET"]}}],"collection":[{"href":"https:\/\/247stiri.ro\/index.php\/wp-json\/wp\/v2\/posts"}],"about":[{"href":"https:\/\/247stiri.ro\/index.php\/wp-json\/wp\/v2\/types\/post"}],"replies":[{"embeddable":true,"href":"https:\/\/247stiri.ro\/index.php\/wp-json\/wp\/v2\/comments?post=16306"}],"version-history":[{"count":0,"href":"https:\/\/247stiri.ro\/index.php\/wp-json\/wp\/v2\/posts\/16306\/revisions"}],"wp:featuredmedia":[{"embeddable":true,"href":"https:\/\/247stiri.ro\/index.php\/wp-json\/wp\/v2\/media\/16298"}],"wp:attachment":[{"href":"https:\/\/247stiri.ro\/index.php\/wp-json\/wp\/v2\/media?parent=16306"}],"wp:term":[{"taxonomy":"category","embeddable":true,"href":"https:\/\/247stiri.ro\/index.php\/wp-json\/wp\/v2\/categories?post=16306"},{"taxonomy":"post_tag","embeddable":true,"href":"https:\/\/247stiri.ro\/index.php\/wp-json\/wp\/v2\/tags?post=16306"}],"curies":[{"name":"wp","href":"https:\/\/api.w.org\/{rel}","templated":true}]}}