{"id":16400,"date":"2024-12-13T18:45:18","date_gmt":"2024-12-13T18:45:18","guid":{"rendered":"https:\/\/247stiri.ro\/index.php\/2024\/12\/13\/ministrul-mediului-pregateste-60-de-hectare-in-marea-neagra-pentru-peste-si-fructe-de-mare-proaspete-autohtone\/"},"modified":"2024-12-13T18:45:18","modified_gmt":"2024-12-13T18:45:18","slug":"ministrul-mediului-pregateste-60-de-hectare-in-marea-neagra-pentru-peste-si-fructe-de-mare-proaspete-autohtone","status":"publish","type":"post","link":"https:\/\/247stiri.ro\/index.php\/2024\/12\/13\/ministrul-mediului-pregateste-60-de-hectare-in-marea-neagra-pentru-peste-si-fructe-de-mare-proaspete-autohtone\/","title":{"rendered":"Ministrul Mediului preg\u0103te\u0219te 60 de hectare \u00een Marea Neagr\u0103 pentru pe\u0219te \u0219i fructe de mare proaspete autohtone"},"content":{"rendered":"<p>Acesta afirm\u0103 c\u0103 de anul viitor, punem pe mas\u0103\u00a0pe\u015fte\u00a0\u015fi\u00a0fructe de mare proaspete, \u015fi sper\u0103 ca 2025 s\u0103 fie anul \u00een care spunem un \u201eAdio\u201d definitiv produselor pesc\u0103re\u015fti congelate, venite de la mii de kilometri distan\u0163\u0103.<\/p>\n<p>\u201eSe poate \u015fi \u00een Rom\u00e2nia: de anul viitor, punem pe mas\u0103 pe\u015fte \u015fi fructe de mare proaspete, autohtone! \u00cen Marea Neagr\u0103 se preg\u0103tesc primele ferme marine, iar primii investitori, firme rom\u00e2ne\u015fti, \u015fi-au adjudecat, \u00een cadrul licita\u0163iilor publice derulate de colegii de la Apele Rom\u00e2ne, o suprafa\u0163\u0103 de 60 hectare \u00een apele maritime interioare \u015fi ale m\u0103rii teritoriale\u201d, spune Fechet.<\/p>\n<p>E vorba despre 10 perimetre care se g\u0103sesc \u00een zona dintre Mamaia \u015fi Constan\u0163a, \u00een dreptul lacului Sinoe, \u00een zonele dintre Agigea \u015fi Eforie Nord, Venus \u015fi 2 Mai &#8211; Vama Veche, perimetre gestionate de Administra\u0163ia Bazinal\u0103 de Ap\u0103 Dobrogea \u2013 Litoral.<\/p>\n<p>Zece perimetre din Marea Neagr\u0103, adjudecate \u00een urma licita\u021biilor publice<\/p>\n<p>Aici, \u00een urm\u0103torii 20 ani, la distan\u0163\u0103 de 2 &#8211; 3 km fa\u0163\u0103 de mal, se vor cultiva at\u00e2t fructe de mare, c\u00e2t \u015fi pe\u015fti cu valoare economic\u0103 ridicat\u0103, cum sunt p\u0103str\u0103vul somonat, lupul de mare sau dorada.<\/p>\n<p>\u201eFaptul c\u0103, la primele licita\u0163ii pentru luciul apei, Marea Neagr\u0103 a atras investitori care vor s\u0103 pun\u0103 pe picioare ferme de acvacultur\u0103 e o premier\u0103 pentru \u0163ara noastr\u0103, dar \u015fi un pas important \u00een dezvoltarea economiei albastre.\u00a0O mai bun\u0103 utilizare a resurselor marine pe care le avem \u00eenseamn\u0103 s\u0103 ne bucur\u0103m de poten\u0163ialul m\u0103rii noastre la costuri corecte, pe care s\u0103 ni le permitem cu to\u0163ii. Sper ca 2025 s\u0103 fie anul \u00een care spunem un &#8222;Adio&#8221; definitiv produselor pesc\u0103re\u015fti congelate, venite de la mii de kilometri distan\u0163\u0103, \u015fi &#8222;S\u0103rut-m\u00e2na pentru mas\u0103!&#8221; fermierilor piscicoli care fac eforturi s\u0103 avem preparate proaspete din Marea Neagr\u0103\u201d, adaug\u0103 ministrul Mediului.\u00a0\u00a0<\/p>","protected":false},"excerpt":{"rendered":"<p>Acesta afirm\u0103 c\u0103 de anul viitor, punem pe mas\u0103\u00a0pe\u015fte\u00a0\u015fi\u00a0fructe de mare proaspete, \u015fi sper\u0103 ca&hellip;<\/p>\n","protected":false},"author":0,"featured_media":16401,"comment_status":"open","ping_status":"open","sticky":false,"template":"","format":"standard","meta":{"footnotes":""},"categories":[2],"tags":[],"class_list":["post-16400","post","type-post","status-publish","format-standard","has-post-thumbnail","hentry","category-actual"],"_links":{"self":[{"href":"https:\/\/247stiri.ro\/index.php\/wp-json\/wp\/v2\/posts\/16400","targetHints":{"allow":["GET"]}}],"collection":[{"href":"https:\/\/247stiri.ro\/index.php\/wp-json\/wp\/v2\/posts"}],"about":[{"href":"https:\/\/247stiri.ro\/index.php\/wp-json\/wp\/v2\/types\/post"}],"replies":[{"embeddable":true,"href":"https:\/\/247stiri.ro\/index.php\/wp-json\/wp\/v2\/comments?post=16400"}],"version-history":[{"count":0,"href":"https:\/\/247stiri.ro\/index.php\/wp-json\/wp\/v2\/posts\/16400\/revisions"}],"wp:featuredmedia":[{"embeddable":true,"href":"https:\/\/247stiri.ro\/index.php\/wp-json\/wp\/v2\/media\/16401"}],"wp:attachment":[{"href":"https:\/\/247stiri.ro\/index.php\/wp-json\/wp\/v2\/media?parent=16400"}],"wp:term":[{"taxonomy":"category","embeddable":true,"href":"https:\/\/247stiri.ro\/index.php\/wp-json\/wp\/v2\/categories?post=16400"},{"taxonomy":"post_tag","embeddable":true,"href":"https:\/\/247stiri.ro\/index.php\/wp-json\/wp\/v2\/tags?post=16400"}],"curies":[{"name":"wp","href":"https:\/\/api.w.org\/{rel}","templated":true}]}}