{"id":16442,"date":"2024-12-14T05:45:18","date_gmt":"2024-12-14T05:45:18","guid":{"rendered":"https:\/\/247stiri.ro\/index.php\/2024\/12\/14\/elena-udrea-mesaj-din-spatele-gratiilor-pentru-valentin-jucan-nu-ma-asteptam-sa-treaca-de-partea-cenzurii\/"},"modified":"2024-12-14T05:45:18","modified_gmt":"2024-12-14T05:45:18","slug":"elena-udrea-mesaj-din-spatele-gratiilor-pentru-valentin-jucan-nu-ma-asteptam-sa-treaca-de-partea-cenzurii","status":"publish","type":"post","link":"https:\/\/247stiri.ro\/index.php\/2024\/12\/14\/elena-udrea-mesaj-din-spatele-gratiilor-pentru-valentin-jucan-nu-ma-asteptam-sa-treaca-de-partea-cenzurii\/","title":{"rendered":"Elena Udrea, mesaj din spatele gratiilor, pentru Valentin Jucan: \u201eNu m\u0103 a\u0219teptam s\u0103 treac\u0103 de partea cenzurii\u201d"},"content":{"rendered":"<p>\u00cen mesajul postat de aceasta pe pagina ei de socializare, Elena Udrea a vorbit \u0219i despre decizia CCR de a anula alegerile preziden\u021biale. De asemenea, fostul ministru al Turismului l-a atacat dur si pe vicepre\u0219edintele CNA, Valentin Jucan, pentru c\u0103 a vrut s\u0103 cenzureze REALITATEA PLUS.\u00a0<\/p>\n<p><a href=\"https:\/\/www.realitatea.net\/stiri\/actual\/vicepresedintele-cna-valentin-jucan-atac-josnic-la-adresa-realitatea-plus-televiziunea-poporului-dovada-unor-presiuni-de-neimaginat-la-adresa-presei-libere-video_67593d0ade83fe1b695d4ca2\" target=\"_blank\">Vicepre\u0219edintele CNA, Valentin Jucan, ATAC JOSNIC la adresa Realitatea PLUS, televiziunea poporului. DOVADA unor PRESIUNI de neimaginat la adresa presei libere &#8211; VIDEO<\/a><\/p>\n<p>\u201dTo\u021bi cei care azi cer respectarea deciziilor CCR de anulare a alegerilor Preziden\u021biale, au t\u0103cut ca slugile la\u015fe, c\u00e2nd \u00een 2022 Constitu\u021bia \u0219i Suveranitatea Rom\u00e2niei au fost f\u0103cute praf, de clica Coldist\u0103- Kovesist\u0103- Sorosi\u0219t\u0103 de la Bucure\u0219ti!\u201d, \u00ee\u0219i continu\u0103 Elena Udrea mesajul.Fostul ministru al Turismului leag\u0103 situa\u021bia ei de anularea alegerilor preziden\u021biale, preciz\u00e2nd c\u0103, dac\u0103 dorin\u021ba a peste 9 milioane de rom\u00e2ni nu a contat, de ce ar conta c\u0103 ea ca mam\u0103 nu a avut o zi de permisie pentru a fi l\u00e2ng\u0103 feti\u021ba ei. Elena Udrea sus\u021bine, de asemenea, c\u0103 CCR are leg\u0103tur\u0103 \u0219i cu condamnarea ei definitiv\u0103 la 6 ani de \u00eenchisoare, pentru luare de mit\u0103 \u0219i abuz \u00een serviciu.<\/p>\n<p>Elena Udrea sare \u0219i la g\u00e2tul lui Valentin Jucan, vicepre\u0219edintele Consiliului Na\u021bional al Audiovizualului, dup\u0103 ce acesta a \u00eencercat s\u0103 ne bage pumnul \u00een gur\u0103. \u201dA cenzura postul REALITATEA PLUS, este un atac f\u0103r\u0103 precedent la libertatea de exprimare, \u0219i la libertatea presei\u201d, spune fostul ministru al Turismului.\u00cen mesajul s\u0103u, Elena Udrea se arat\u0103 profund dezam\u0103git\u0103 \u0219i afirm\u0103 c\u0103 nu se a\u0219tepta ca Valentin Jucan, vicepre\u0219edintele Consiliului Na\u021bional al Audiovizualului, s\u0103 treac\u0103 de partea Cenzurii. Udrea a specificat c\u0103 Valentin Jucan a avut mereu sus\u021binerea ei la Ministerul Dezvolt\u0103rii, c\u00e2t \u0219i la CNA, de\u0219i, spune ea, ar fi fost informat\u0103 de servicii c\u0103 Jucan era \u201do vulnerabilitate\u201d.<\/p>\n<p><a href=\"https:\/\/www.realitatea.net\/stiri\/actual\/catalin-hideg-acuze-la-adresa-lui-valentin-jucan-de-la-cna-ma-ajutat-cu-o-autorizatie-si-iam-dat-o-masina_6758bbe9e21b044d043bc712\" target=\"_blank\">C\u0103t\u0103lin Hideg, acuze la adresa lui Valentin Jucan, de la CNA: \u201eM-a ajutat cu o autoriza\u021bie \u0219i i-am dat o ma\u0219in\u0103\u201d<\/a><\/p>\n<p>\u00cen urma atacurilor dure lansate de Elena Udrea, reac\u021bia lui Valentin Jucan nu a \u00eent\u00e2rziat s\u0103 apar\u0103. Vicepre\u0219edintele CNA spune c\u0103 va solicita Serviciilor s\u0103 dezv\u0103luie dac\u0103 la v\u00e2rsta de 27 de ani, c\u00e2t avea pe vremea \u00een care se \u00eenv\u00e2rtea prin preajma Elenei Udrea, era sau nu o persoan\u0103 u\u0219or de influen\u021bat. De asemenea, Valentin Jucan, spune c\u0103 a lucrat doar 3 luni ca interimar la Ministerul Mediului \u0219i c\u0103 nu \u00een\u021belege cum a putut s\u0103 ignore \u201da\u0219a-zisele\u201d informa\u021bii primite despre el.\u00a0<\/p>","protected":false},"excerpt":{"rendered":"<p>\u00cen mesajul postat de aceasta pe pagina ei de socializare, Elena Udrea a vorbit \u0219i&hellip;<\/p>\n","protected":false},"author":0,"featured_media":16438,"comment_status":"open","ping_status":"open","sticky":false,"template":"","format":"standard","meta":{"footnotes":""},"categories":[2],"tags":[],"class_list":["post-16442","post","type-post","status-publish","format-standard","has-post-thumbnail","hentry","category-actual"],"_links":{"self":[{"href":"https:\/\/247stiri.ro\/index.php\/wp-json\/wp\/v2\/posts\/16442","targetHints":{"allow":["GET"]}}],"collection":[{"href":"https:\/\/247stiri.ro\/index.php\/wp-json\/wp\/v2\/posts"}],"about":[{"href":"https:\/\/247stiri.ro\/index.php\/wp-json\/wp\/v2\/types\/post"}],"replies":[{"embeddable":true,"href":"https:\/\/247stiri.ro\/index.php\/wp-json\/wp\/v2\/comments?post=16442"}],"version-history":[{"count":0,"href":"https:\/\/247stiri.ro\/index.php\/wp-json\/wp\/v2\/posts\/16442\/revisions"}],"wp:featuredmedia":[{"embeddable":true,"href":"https:\/\/247stiri.ro\/index.php\/wp-json\/wp\/v2\/media\/16438"}],"wp:attachment":[{"href":"https:\/\/247stiri.ro\/index.php\/wp-json\/wp\/v2\/media?parent=16442"}],"wp:term":[{"taxonomy":"category","embeddable":true,"href":"https:\/\/247stiri.ro\/index.php\/wp-json\/wp\/v2\/categories?post=16442"},{"taxonomy":"post_tag","embeddable":true,"href":"https:\/\/247stiri.ro\/index.php\/wp-json\/wp\/v2\/tags?post=16442"}],"curies":[{"name":"wp","href":"https:\/\/api.w.org\/{rel}","templated":true}]}}