{"id":16498,"date":"2024-12-14T10:45:02","date_gmt":"2024-12-14T10:45:02","guid":{"rendered":"https:\/\/247stiri.ro\/index.php\/2024\/12\/14\/aur-romania-a-devenit-scena-unei-demonstratii-de-forta-fara-precedent\/"},"modified":"2024-12-14T10:45:02","modified_gmt":"2024-12-14T10:45:02","slug":"aur-romania-a-devenit-scena-unei-demonstratii-de-forta-fara-precedent","status":"publish","type":"post","link":"https:\/\/247stiri.ro\/index.php\/2024\/12\/14\/aur-romania-a-devenit-scena-unei-demonstratii-de-forta-fara-precedent\/","title":{"rendered":"AUR: \u201eRom\u00e2nia a devenit scena unei demonstra\u0163ii de for\u0163\u0103 f\u0103r\u0103 precedent\u201d"},"content":{"rendered":"<p>\u201e\u00cen ultimele zile, Rom\u00e2nia a devenit scena unei demonstra\u0163ii de for\u0163\u0103 f\u0103r\u0103 precedent. Oameni ridica\u0163i de pe strad\u0103, ancheta\u0163i pentru opiniile lor exprimate public, iar c\u0103tu\u015fele au devenit simbolul represiunii televizate. Aceast\u0103 situa\u0163ie grav\u0103 nu poate fi ignorat\u0103. Facem un apel public urgent c\u0103tre Avocatul Poporului s\u0103 apere drepturile fundamentale ale rom\u00e2nilor, \u00een special dreptul de a alege \u015fi libertatea de exprimare, valori sacre \u00eentr-o democra\u0163ie. Evenimentele recente ne fac s\u0103 ne \u00eentreb\u0103m cine d\u0103 aceste ordine. Sunt ele decise la cel mai \u00eenalt nivel sau sunt rezultatul unui exces de zel al unor institu\u0163ii dornice s\u0103 pun\u0103 pumnul \u00een gur\u0103 rom\u00e2nilor? Oricare ar fi r\u0103spunsul, rezultatul este acela\u015fi: un atac grav la adresa drepturilor \u015fi libert\u0103\u0163ilor fundamentale\u201d, se arat\u0103 \u00eentr-un comunicat transmis duminic\u0103 de AUR.<\/p>\n<p>Potrivit AUR, \u201erom\u00e2nii sunt trata\u0163i ca inamici \u00een propria lor \u0163ar\u0103 pentru simplul fapt c\u0103 au curajul s\u0103-\u015fi exprime public nemul\u0163umirea fa\u0163\u0103 de regimul condus de Klaus Iohannis, fa\u0163\u0103 de anularea dreptului de a alege\u201d.<\/p>\n<p>\u201eFacem un apel la ministrul de interne, C\u0103t\u0103lin Predoiu, la ministrul justi\u0163iei, Alina Gorghiu, la premierul Marcel Ciolacu \u015fi la to\u0163i \u015fefii institu\u0163iilor de for\u0163\u0103 s\u0103 dea dovad\u0103 de responsabilitate \u015fi s\u0103 opreasc\u0103 escaladarea acestor abuzuri. O \u0163ar\u0103 nu poate fi guvernat\u0103 prin fric\u0103 \u015fi intimidare. Represiunea nu va reduce nemul\u0163umirile, ci le va amplifica, risc\u00e2nd s\u0103 duc\u0103 la un conflict social major\u201d, mai transmite AUR.<\/p>\n<p>\u201eAvocatului Poporului s\u0103 ias\u0103 din t\u0103cerea complice \u015fi s\u0103 ia atitudine\u201d<\/p>\n<p>\u201eMandatul acestei institu\u0163ii este de a proteja cet\u0103\u0163enii \u00eempotriva abuzurilor venite din partea autorit\u0103\u0163ilor. Este momentul ca Avocatul Poporului s\u0103 demonstreze c\u0103 \u00ee\u015fi \u00een\u0163elege rolul \u015fi s\u0103 ac\u0163ioneze pentru stoparea derapajelor. La 35 de ani de la Revolu\u0163ie, este inadmisibil ca rom\u00e2nii s\u0103 fie h\u0103r\u0163ui\u0163i pentru opiniile lor politice\u201d, a mai sus\u0163inut AUR.<\/p>\n<p>\u201eDreptul la liber\u0103 exprimare este tratat ca o crim\u0103\u201d<\/p>\n<p>\u201eEste revolt\u0103tor s\u0103 vedem cum dreptul la liber\u0103 exprimare este tratat ca o crim\u0103. Rom\u00e2nia trebuie s\u0103 r\u0103m\u00e2n\u0103 o \u0163ar\u0103 liber\u0103, nu un stat autoritar \u00een care teama de represiune s\u0103 domneasc\u0103. Facem apel la to\u0163i cei care conduc destinele acestei \u0163\u0103ri s\u0103 pun\u0103 interesul na\u0163ional \u015fi democra\u0163ia mai presus de calculele politice. Vocea rom\u00e2nilor nu poate fi redus\u0103 la t\u0103cere prin c\u0103tu\u015fe sau anchete nocturne. Oric\u00e2t de mult ar \u00eencerca regimul s\u0103 reprime drepturile fundamentale, adev\u0103rul \u015fi dreptatea nu vor putea fi ascunse. Rom\u00e2nia apar\u0163ine rom\u00e2nilor, iar viitorul \u0163\u0103rii nu poate fi decis \u00een spatele u\u015filor \u00eenchise\u201d, a mai transmis AUR.<\/p>","protected":false},"excerpt":{"rendered":"<p>\u201e\u00cen ultimele zile, Rom\u00e2nia a devenit scena unei demonstra\u0163ii de for\u0163\u0103 f\u0103r\u0103 precedent. Oameni ridica\u0163i&hellip;<\/p>\n","protected":false},"author":0,"featured_media":16491,"comment_status":"open","ping_status":"open","sticky":false,"template":"","format":"standard","meta":{"footnotes":""},"categories":[2],"tags":[],"class_list":["post-16498","post","type-post","status-publish","format-standard","has-post-thumbnail","hentry","category-actual"],"_links":{"self":[{"href":"https:\/\/247stiri.ro\/index.php\/wp-json\/wp\/v2\/posts\/16498","targetHints":{"allow":["GET"]}}],"collection":[{"href":"https:\/\/247stiri.ro\/index.php\/wp-json\/wp\/v2\/posts"}],"about":[{"href":"https:\/\/247stiri.ro\/index.php\/wp-json\/wp\/v2\/types\/post"}],"replies":[{"embeddable":true,"href":"https:\/\/247stiri.ro\/index.php\/wp-json\/wp\/v2\/comments?post=16498"}],"version-history":[{"count":0,"href":"https:\/\/247stiri.ro\/index.php\/wp-json\/wp\/v2\/posts\/16498\/revisions"}],"wp:featuredmedia":[{"embeddable":true,"href":"https:\/\/247stiri.ro\/index.php\/wp-json\/wp\/v2\/media\/16491"}],"wp:attachment":[{"href":"https:\/\/247stiri.ro\/index.php\/wp-json\/wp\/v2\/media?parent=16498"}],"wp:term":[{"taxonomy":"category","embeddable":true,"href":"https:\/\/247stiri.ro\/index.php\/wp-json\/wp\/v2\/categories?post=16498"},{"taxonomy":"post_tag","embeddable":true,"href":"https:\/\/247stiri.ro\/index.php\/wp-json\/wp\/v2\/tags?post=16498"}],"curies":[{"name":"wp","href":"https:\/\/api.w.org\/{rel}","templated":true}]}}