{"id":16513,"date":"2024-12-14T12:45:18","date_gmt":"2024-12-14T12:45:18","guid":{"rendered":"https:\/\/247stiri.ro\/index.php\/2024\/12\/14\/adolescentul-care-a-disparut-in-urma-cu-cateva-zile-in-bucuresti-a-fost-gasit\/"},"modified":"2024-12-14T12:45:18","modified_gmt":"2024-12-14T12:45:18","slug":"adolescentul-care-a-disparut-in-urma-cu-cateva-zile-in-bucuresti-a-fost-gasit","status":"publish","type":"post","link":"https:\/\/247stiri.ro\/index.php\/2024\/12\/14\/adolescentul-care-a-disparut-in-urma-cu-cateva-zile-in-bucuresti-a-fost-gasit\/","title":{"rendered":"Adolescentul, care a disp\u0103rut \u00een urm\u0103 cu c\u00e2teva zile \u00een Bucure\u0219ti, a fost g\u0103sit"},"content":{"rendered":"<p>\u201eR\u0103zvan s-a \u00eentors acas\u0103. Mul\u0163umim din suflet oamenilor care l-au cautat, care l-au ajutat \u015fi celor care au fost al\u0103turi de noi\u201d, a scris mama sa pe Facebook s\u00e2mb\u0103t\u0103.<\/p>\n<p>Mama b\u0103iatului a anun\u0163at dispar\u0163ia sa pe Facebook, solicit\u00e2nd sprijin pentru g\u0103sirea b\u0103iatului.<\/p>\n<p>Ea preciza c\u0103 ultima dat\u0103 a fost v\u0103zut \u00een zona Universitate, pe 10 decembrie, \u00een jur de ora 17:30.<\/p>\n<p>\u201eDe atunci nu mai \u015ftim nimic despre el. Este diagnosticat cu tulburare din spectru autist. (sindrom Asperger)\u201d, a scris femeia pe Facebook.<\/p>\n<p>\u00cen 11 decembrie, Poli\u0163ia Capitalei a fost sesizat\u0103 cu privire la dispari\u0163ia adolescentului, fiindu-i f\u0103cute publice semnalmentele.<\/p>","protected":false},"excerpt":{"rendered":"<p>\u201eR\u0103zvan s-a \u00eentors acas\u0103. Mul\u0163umim din suflet oamenilor care l-au cautat, care l-au ajutat \u015fi&hellip;<\/p>\n","protected":false},"author":0,"featured_media":16514,"comment_status":"open","ping_status":"open","sticky":false,"template":"","format":"standard","meta":{"footnotes":""},"categories":[2],"tags":[],"class_list":["post-16513","post","type-post","status-publish","format-standard","has-post-thumbnail","hentry","category-actual"],"_links":{"self":[{"href":"https:\/\/247stiri.ro\/index.php\/wp-json\/wp\/v2\/posts\/16513","targetHints":{"allow":["GET"]}}],"collection":[{"href":"https:\/\/247stiri.ro\/index.php\/wp-json\/wp\/v2\/posts"}],"about":[{"href":"https:\/\/247stiri.ro\/index.php\/wp-json\/wp\/v2\/types\/post"}],"replies":[{"embeddable":true,"href":"https:\/\/247stiri.ro\/index.php\/wp-json\/wp\/v2\/comments?post=16513"}],"version-history":[{"count":0,"href":"https:\/\/247stiri.ro\/index.php\/wp-json\/wp\/v2\/posts\/16513\/revisions"}],"wp:featuredmedia":[{"embeddable":true,"href":"https:\/\/247stiri.ro\/index.php\/wp-json\/wp\/v2\/media\/16514"}],"wp:attachment":[{"href":"https:\/\/247stiri.ro\/index.php\/wp-json\/wp\/v2\/media?parent=16513"}],"wp:term":[{"taxonomy":"category","embeddable":true,"href":"https:\/\/247stiri.ro\/index.php\/wp-json\/wp\/v2\/categories?post=16513"},{"taxonomy":"post_tag","embeddable":true,"href":"https:\/\/247stiri.ro\/index.php\/wp-json\/wp\/v2\/tags?post=16513"}],"curies":[{"name":"wp","href":"https:\/\/api.w.org\/{rel}","templated":true}]}}