{"id":16518,"date":"2024-12-14T13:45:09","date_gmt":"2024-12-14T13:45:09","guid":{"rendered":"https:\/\/247stiri.ro\/index.php\/2024\/12\/14\/accident-tragic-pe-a2-o-femeie-a-decedat-pe-loc-dupa-ce-s-a-izbit-cu-masina-de-un-utilaj-de-marcaje-rutiere\/"},"modified":"2024-12-14T13:45:09","modified_gmt":"2024-12-14T13:45:09","slug":"accident-tragic-pe-a2-o-femeie-a-decedat-pe-loc-dupa-ce-s-a-izbit-cu-masina-de-un-utilaj-de-marcaje-rutiere","status":"publish","type":"post","link":"https:\/\/247stiri.ro\/index.php\/2024\/12\/14\/accident-tragic-pe-a2-o-femeie-a-decedat-pe-loc-dupa-ce-s-a-izbit-cu-masina-de-un-utilaj-de-marcaje-rutiere\/","title":{"rendered":"Accident tragic pe A2. O femeie a decedat pe loc dup\u0103 ce s-a izbit cu ma\u0219ina de un utilaj de marcaje rutiere"},"content":{"rendered":"<p>O\u00a0femeie\u00a0de aproximativ 30 de ani a murit, s\u00e2mb\u0103t\u0103, pe\u00a0Autostrada A2, dup\u0103 ce ma\u0219ina pe care o conducea a lovit o autoutilitar\u0103 semnalizat\u0103 \u0219i sta\u021bionat\u0103, destinat\u0103 lucr\u0103rilor pe autostrad\u0103.<\/p>\n\n<p>Reprezentan\u0163ii Inspectoratului pentru Situa\u0163ii de Urgen\u0163\u0103 Dobrogea au anun\u0163at c\u0103 pompierii au fost solicita\u0163i s\u0103 intervin\u0103, s\u00e2mb\u0103t\u0103, la un accident rutier produs peA2, la kilometrul 195, pe sensul de mers Constan\u0163a \u2013 Bucure\u015fti. La fa\u0163a locului s-au deplasat un echipaj de descarcerare, o autospecial\u0103 cu ap\u0103 \u015fi spum\u0103, o ambulan\u0163\u0103 de la Serviciul Jude\u0163ean \u015fi elicopterul SMURD.<\/p>\n\n<p>Echipele de interven\u0163ie au constatat c\u0103 este vorba despre un accident \u00eentre un autoturism \u015fi o autoutilitar\u0103 destinat\u0103 lucr\u0103rilor pe autostrad\u0103, semnalizat\u0103 \u015fi sta\u0163ionat\u0103.<\/p>\n\n<p>\u00cen urma accidentului, o femeie de aproximativ 30 de ani, care conducea autoturismul, a fost declarat\u0103 decedat\u0103 de c\u0103tre medicul de pe elicopterul SMURD.<\/p>\n\n<p>\u015eoferul autoutilitarei a acuzat dureri lombare, a fost evaluat de cadrele medicale de pe ambulan\u0163\u0103 \u015fi a refuzat transportul la spital.\u00a0<\/p>\n<p>\u00a0<\/p>","protected":false},"excerpt":{"rendered":"<p>O\u00a0femeie\u00a0de aproximativ 30 de ani a murit, s\u00e2mb\u0103t\u0103, pe\u00a0Autostrada A2, dup\u0103 ce ma\u0219ina pe care&hellip;<\/p>\n","protected":false},"author":0,"featured_media":16519,"comment_status":"open","ping_status":"open","sticky":false,"template":"","format":"standard","meta":{"footnotes":""},"categories":[2],"tags":[],"class_list":["post-16518","post","type-post","status-publish","format-standard","has-post-thumbnail","hentry","category-actual"],"_links":{"self":[{"href":"https:\/\/247stiri.ro\/index.php\/wp-json\/wp\/v2\/posts\/16518","targetHints":{"allow":["GET"]}}],"collection":[{"href":"https:\/\/247stiri.ro\/index.php\/wp-json\/wp\/v2\/posts"}],"about":[{"href":"https:\/\/247stiri.ro\/index.php\/wp-json\/wp\/v2\/types\/post"}],"replies":[{"embeddable":true,"href":"https:\/\/247stiri.ro\/index.php\/wp-json\/wp\/v2\/comments?post=16518"}],"version-history":[{"count":0,"href":"https:\/\/247stiri.ro\/index.php\/wp-json\/wp\/v2\/posts\/16518\/revisions"}],"wp:featuredmedia":[{"embeddable":true,"href":"https:\/\/247stiri.ro\/index.php\/wp-json\/wp\/v2\/media\/16519"}],"wp:attachment":[{"href":"https:\/\/247stiri.ro\/index.php\/wp-json\/wp\/v2\/media?parent=16518"}],"wp:term":[{"taxonomy":"category","embeddable":true,"href":"https:\/\/247stiri.ro\/index.php\/wp-json\/wp\/v2\/categories?post=16518"},{"taxonomy":"post_tag","embeddable":true,"href":"https:\/\/247stiri.ro\/index.php\/wp-json\/wp\/v2\/tags?post=16518"}],"curies":[{"name":"wp","href":"https:\/\/api.w.org\/{rel}","templated":true}]}}