{"id":16521,"date":"2024-12-14T13:45:10","date_gmt":"2024-12-14T13:45:10","guid":{"rendered":"https:\/\/247stiri.ro\/index.php\/2024\/12\/14\/un-primar-din-prahova-sub-control-judiciar-intr-un-dosar-de-ucidere-din-culpa\/"},"modified":"2024-12-14T13:45:10","modified_gmt":"2024-12-14T13:45:10","slug":"un-primar-din-prahova-sub-control-judiciar-intr-un-dosar-de-ucidere-din-culpa","status":"publish","type":"post","link":"https:\/\/247stiri.ro\/index.php\/2024\/12\/14\/un-primar-din-prahova-sub-control-judiciar-intr-un-dosar-de-ucidere-din-culpa\/","title":{"rendered":"Un primar din Prahova, sub control judiciar \u00eentr-un dosar de ucidere din culp\u0103"},"content":{"rendered":"<p>&#8222;\u00cen urma expir\u0103rii m\u0103surii de re\u0163inere, fa\u0163\u0103 de cei doi b\u0103rba\u0163i a fost dispus\u0103 m\u0103sura controlului judiciar pentru 60 de zile&#8221;, informeaz\u0103, s\u00e2mb\u0103t\u0103, Inspectoratul Jude\u0163ean de Poli\u0163ie Prahova.<\/p>\n<p>Inspectoratul Jude\u0163ean de Poli\u0163ie Prahova a anun\u0163at, vineri, c\u0103 \u00een urma perchezi\u0163iilor efectuate \u00een dosarul care vizeaz\u0103 infrac\u0163iunea de ucidere din culp\u0103 \u015fi infrac\u0163iuni incriminate de Legea apelor fa\u0163\u0103 de doi b\u0103rba\u0163i cu v\u00e2rstele de 50 \u015fi 53 de ani, ambii din comuna Podenii Noi, a fost luat\u0103 m\u0103sura re\u0163inerii pentru 24 de ore, urm\u00e2nd s\u0103 fie prezenta\u0163i unit\u0103\u0163ii de parchet competente cu propunere de luare a unei alte m\u0103suri preventive.<\/p>\n<p>Surse judiciare au declarat, pentru Agerpres, c\u0103 persoanele \u00een cauz\u0103 sunt primarul comunei Podenii Noi, Mihai Alionte, \u015fi fratele acestuia, acuza\u0163iile re\u0163inute \u00een sarcina lor fiind de ucidere din culp\u0103, executarea, modificarea sau extinderea lucr\u0103rilor de construc\u0163ie sau a instala\u0163iilor pe ape sau care au leg\u0103tur\u0103 cu apele, f\u0103r\u0103 aviz legal, \u00een form\u0103 continuat\u0103, \u015fi desf\u0103\u015furarea activit\u0103\u0163ilor de extragere a agregatelor minerale, f\u0103r\u0103 autoriza\u0163ia de gospod\u0103rire a apelor, \u00een form\u0103 continuat\u0103.<\/p>\n<p>Potrivit surselor apropiate anchetei, cercet\u0103rile au leg\u0103tur\u0103 cu decesul unui adolescent care s-a \u00eenecat, \u00een luna iunie, \u00eentr-o groap\u0103 s\u0103pat\u0103 pe raza comunei Iord\u0103cheanu.<\/p>\n<p>\u00cen urma verific\u0103rilor efectuate de cei de la Apele Rom\u00e2ne, s-a stabilit c\u0103 excava\u0163ia respectiv\u0103 a fost realizat\u0103 ilegal, arat\u0103 sursele citate.<\/p>\n<p>Conform datelor comunicate, joi, de Parchetul de pe l\u00e2ng\u0103 Judec\u0103toria Mizil la solicitarea AGERPRES, la nivelul acestei structuri se afl\u0103 \u00een lucru dosarul de urm\u0103rire penal\u0103 nr. 540\/287\/P\/2024, \u00een care se efectueaz\u0103 cercet\u0103ri cu privire la presupuse activit\u0103\u0163i infrac\u0163ionale desf\u0103\u015furate \u00een perioada 2022 &#8211; 2024, sanc\u0163ionate penal de Legea 107\/1996 R privind Legea Apelor, precum \u015fi de art. 192 alin. (1) \u015fi (2) Cod penal.<\/p>\n<p>Astfel, s-au pus \u00een executare \u015fase mandate de perchezi\u0163ie domiciliar\u0103, la sediul a dou\u0103 institu\u0163ii publice din comuna Iord\u0103cheanu, respectiv din comuna Podenii Noi, precum \u015fi la imobilele folosite de patru persoane fizice.<\/p>\n<p>Surse judiciare au confirmat c\u0103 institu\u0163iile vizate sunt prim\u0103riile celor dou\u0103 comune.<\/p>\n<p>\u00a0<\/p>","protected":false},"excerpt":{"rendered":"<p>&#8222;\u00cen urma expir\u0103rii m\u0103surii de re\u0163inere, fa\u0163\u0103 de cei doi b\u0103rba\u0163i a fost dispus\u0103 m\u0103sura&hellip;<\/p>\n","protected":false},"author":0,"featured_media":16522,"comment_status":"open","ping_status":"open","sticky":false,"template":"","format":"standard","meta":{"footnotes":""},"categories":[2],"tags":[],"class_list":["post-16521","post","type-post","status-publish","format-standard","has-post-thumbnail","hentry","category-actual"],"_links":{"self":[{"href":"https:\/\/247stiri.ro\/index.php\/wp-json\/wp\/v2\/posts\/16521","targetHints":{"allow":["GET"]}}],"collection":[{"href":"https:\/\/247stiri.ro\/index.php\/wp-json\/wp\/v2\/posts"}],"about":[{"href":"https:\/\/247stiri.ro\/index.php\/wp-json\/wp\/v2\/types\/post"}],"replies":[{"embeddable":true,"href":"https:\/\/247stiri.ro\/index.php\/wp-json\/wp\/v2\/comments?post=16521"}],"version-history":[{"count":0,"href":"https:\/\/247stiri.ro\/index.php\/wp-json\/wp\/v2\/posts\/16521\/revisions"}],"wp:featuredmedia":[{"embeddable":true,"href":"https:\/\/247stiri.ro\/index.php\/wp-json\/wp\/v2\/media\/16522"}],"wp:attachment":[{"href":"https:\/\/247stiri.ro\/index.php\/wp-json\/wp\/v2\/media?parent=16521"}],"wp:term":[{"taxonomy":"category","embeddable":true,"href":"https:\/\/247stiri.ro\/index.php\/wp-json\/wp\/v2\/categories?post=16521"},{"taxonomy":"post_tag","embeddable":true,"href":"https:\/\/247stiri.ro\/index.php\/wp-json\/wp\/v2\/tags?post=16521"}],"curies":[{"name":"wp","href":"https:\/\/api.w.org\/{rel}","templated":true}]}}