{"id":16533,"date":"2024-12-14T14:45:19","date_gmt":"2024-12-14T14:45:19","guid":{"rendered":"https:\/\/247stiri.ro\/index.php\/2024\/12\/14\/dorin-iacob-tolontan-este-un-activist-al-cuiva-anchetele-lui-par-securistoide\/"},"modified":"2024-12-14T14:45:19","modified_gmt":"2024-12-14T14:45:19","slug":"dorin-iacob-tolontan-este-un-activist-al-cuiva-anchetele-lui-par-securistoide","status":"publish","type":"post","link":"https:\/\/247stiri.ro\/index.php\/2024\/12\/14\/dorin-iacob-tolontan-este-un-activist-al-cuiva-anchetele-lui-par-securistoide\/","title":{"rendered":"Dorin Iacob: Tolontan este un activist al cuiva, anchetele lui par securistoide"},"content":{"rendered":"<p>&#8222;Tolontan este un activist al cuiva, a\u0219a l-am perceput, iar anchetele lui mi s-au p\u0103rut securistoide, erau f\u0103cute s\u0103 creeze emo\u021bie public\u0103, pentru fi bine v\u00e2ndute lumi. Pare s\u0103 fie specializat \u00een a elabora anchete credibile lumii, este clar c\u0103 cineva \u00eel folose\u0219te \u0219i acum, nu este un personaj voluntar.<\/p>\n<p>Faptul c\u0103 tat\u0103l s\u0103u a lucrat la Ministerul de Interne, la pa\u0219apoarte, mili\u021bie sau Securitate, face plauzibil\u0103 teoria ca \u0219i el s\u0103 fi fost recrutat, pentru c\u0103 se \u00eent\u00e2mpla acest lucru, chiar \u0219i \u00een cazul lui Traian B\u0103sescu ne aducem aminte c\u0103 el a fost recrutat c\u00e2nd era elev la o \u0219coala de ofi\u021beri pentru c\u0103 tat\u0103l lui era comandatul unei unit\u0103\u021bi militare. A\u0219a era lumea de atunci, dac\u0103 un membru al familiei lucra acolo, se \u00eencerca \u0219i recurtarea fiilor, a mamei, etc. Dar asta este o chestiune ce \u021bine de acei ani, dar mul\u021bi au fost prelua\u0219i dup\u0103 aceea, folosi\u021bi, dirija\u021bi, combinai, poate fi \u0219i el \u00een aceast\u0103 situa\u021bie, eu nu fac acuza\u021bii.<\/p>\n<p>Apoi de ui\u021bi la stilul lui \u0219i l-am urm\u0103rit de-a lungul anilor, eram surprins s\u0103 v\u0103d c\u0103 hop, ap\u0103rea Tolontan \u00eentr-o chestiune de natur\u0103 politic\u0103, de afaceri, dar foarte controversat\u0103, foarte puternic\u0103 \u0219i asta \u00eemi d\u0103dea impresia de om folosit de cineva care avea interes ca acea anchet\u0103, \u00een ochiul public \u0219i nu pe culoarele unui tribunal, s\u0103 induc\u0103 ceva&#8221;, a afirmat Dorin Iacob la Realitatea Plus.<\/p>","protected":false},"excerpt":{"rendered":"<p>&#8222;Tolontan este un activist al cuiva, a\u0219a l-am perceput, iar anchetele lui mi s-au p\u0103rut&hellip;<\/p>\n","protected":false},"author":0,"featured_media":16532,"comment_status":"open","ping_status":"open","sticky":false,"template":"","format":"standard","meta":{"footnotes":""},"categories":[2],"tags":[],"class_list":["post-16533","post","type-post","status-publish","format-standard","has-post-thumbnail","hentry","category-actual"],"_links":{"self":[{"href":"https:\/\/247stiri.ro\/index.php\/wp-json\/wp\/v2\/posts\/16533","targetHints":{"allow":["GET"]}}],"collection":[{"href":"https:\/\/247stiri.ro\/index.php\/wp-json\/wp\/v2\/posts"}],"about":[{"href":"https:\/\/247stiri.ro\/index.php\/wp-json\/wp\/v2\/types\/post"}],"replies":[{"embeddable":true,"href":"https:\/\/247stiri.ro\/index.php\/wp-json\/wp\/v2\/comments?post=16533"}],"version-history":[{"count":0,"href":"https:\/\/247stiri.ro\/index.php\/wp-json\/wp\/v2\/posts\/16533\/revisions"}],"wp:featuredmedia":[{"embeddable":true,"href":"https:\/\/247stiri.ro\/index.php\/wp-json\/wp\/v2\/media\/16532"}],"wp:attachment":[{"href":"https:\/\/247stiri.ro\/index.php\/wp-json\/wp\/v2\/media?parent=16533"}],"wp:term":[{"taxonomy":"category","embeddable":true,"href":"https:\/\/247stiri.ro\/index.php\/wp-json\/wp\/v2\/categories?post=16533"},{"taxonomy":"post_tag","embeddable":true,"href":"https:\/\/247stiri.ro\/index.php\/wp-json\/wp\/v2\/tags?post=16533"}],"curies":[{"name":"wp","href":"https:\/\/api.w.org\/{rel}","templated":true}]}}