{"id":16542,"date":"2024-12-14T15:45:17","date_gmt":"2024-12-14T15:45:17","guid":{"rendered":"https:\/\/247stiri.ro\/index.php\/2024\/12\/14\/primaria-capitalei-discuta-despre-gratuitatea-parcarii-pentru-autoturismele-hibride-ce-schimbare-este-luata-in-calcul\/"},"modified":"2024-12-14T15:45:17","modified_gmt":"2024-12-14T15:45:17","slug":"primaria-capitalei-discuta-despre-gratuitatea-parcarii-pentru-autoturismele-hibride-ce-schimbare-este-luata-in-calcul","status":"publish","type":"post","link":"https:\/\/247stiri.ro\/index.php\/2024\/12\/14\/primaria-capitalei-discuta-despre-gratuitatea-parcarii-pentru-autoturismele-hibride-ce-schimbare-este-luata-in-calcul\/","title":{"rendered":"Prim\u0103ria Capitalei discut\u0103 despre gratuitatea parc\u0103rii pentru autoturismele hibride. Ce SCHIMBARE este luat\u0103 \u00een calcul?"},"content":{"rendered":"<p>Astfel, \u00een\u00a0\u015fedin\u0163a de vineri a Consiliului General al Capitalei ar urma s\u0103 fie abrogat un articol adoptat \u00een decembrie 2022, potrivit c\u0103ruia aceast\u0103 gratuitate ar fi trebuit s\u0103 fie valabil\u0103 doar pentru o perioad\u0103 de doi ani. Celelalte prevederi ale hot\u0103r\u00e2rii din 2022 r\u0103m\u00e2n valabile.<\/p>\n<p>\u00cen referatul de aprobare este invocat\u0103 necesitatea unor solu\u0163ii sustenabile pentru reducerea emisiilor de dioxid de carbon \u015fi pentru \u00eembun\u0103t\u0103\u0163irea calit\u0103\u021bii aerului.<\/p>\n<p>&#8222;Aceast\u0103 m\u0103sur\u0103 (gratuitatea pentru , aflat\u0103 \u00een vigoare \u00een prezent, a fost un pas important \u00een sus\u0163inerea transportului ecologic, iar continuarea acesteia ar adresa \u00een mod direct provoc\u0103rile de mediu \u015fi de mobilitate urban\u0103 cu care se confrunt\u0103 capitala&#8221;, reiese din documentul semnat de primarul general, Nicu\u015for Dan.<\/p>\n<p>Conform hot\u0103r\u00e2rii adoptate \u00een decembrie 2022, posesorii autoturismelor hibride \u00eenregistrate \u00een Bucure\u015fti pot utiliza gratuit pentru o perioad\u0103 de doi ani parc\u0103rile publice de utilitate general\u0103.<\/p>\n<p>Pentru a beneficia de gratuitate, posesorii au obliga\u0163ia de a \u00eenregistra autoturismul \u00een Registrul informatic al autoturismelor electrice \u015fi hibride \u0163inut de operatorul serviciului public de administrare a parcajelor. \u00cenregistrarea se realizeaz\u0103 \u00een baza cererii formulate de c\u0103tre posesorii autoturismelor. Identificarea autoturismelor care beneficiaz\u0103 de gratuitate se va efectua de c\u0103tre operatorul serviciului public, la momentul verific\u0103rii autoturismelor parcate \u015fi pe baza \u00eenregistr\u0103rilor efectuate \u00een sistemul electronic.<\/p>\n<p>Excep\u0163ie fac autoturismele electrice \u015fi hibride utilizate pentru activit\u0103\u0163ile de transport alternativ intermediate prin platforme digitale, cele utilizate \u00een baza unui sistem de partajare a autoturismelor intermediat prin platforme digitale, precum \u015fi cele care, prin colantare sau dispozitive audio-video, afi\u015feaz\u0103 mesaje publicitare. Toate acestea vor avea obliga\u0163ia de a achita tariful de parcare.<\/p>","protected":false},"excerpt":{"rendered":"<p>Astfel, \u00een\u00a0\u015fedin\u0163a de vineri a Consiliului General al Capitalei ar urma s\u0103 fie abrogat un&hellip;<\/p>\n","protected":false},"author":0,"featured_media":16543,"comment_status":"open","ping_status":"open","sticky":false,"template":"","format":"standard","meta":{"footnotes":""},"categories":[2],"tags":[],"class_list":["post-16542","post","type-post","status-publish","format-standard","has-post-thumbnail","hentry","category-actual"],"_links":{"self":[{"href":"https:\/\/247stiri.ro\/index.php\/wp-json\/wp\/v2\/posts\/16542","targetHints":{"allow":["GET"]}}],"collection":[{"href":"https:\/\/247stiri.ro\/index.php\/wp-json\/wp\/v2\/posts"}],"about":[{"href":"https:\/\/247stiri.ro\/index.php\/wp-json\/wp\/v2\/types\/post"}],"replies":[{"embeddable":true,"href":"https:\/\/247stiri.ro\/index.php\/wp-json\/wp\/v2\/comments?post=16542"}],"version-history":[{"count":0,"href":"https:\/\/247stiri.ro\/index.php\/wp-json\/wp\/v2\/posts\/16542\/revisions"}],"wp:featuredmedia":[{"embeddable":true,"href":"https:\/\/247stiri.ro\/index.php\/wp-json\/wp\/v2\/media\/16543"}],"wp:attachment":[{"href":"https:\/\/247stiri.ro\/index.php\/wp-json\/wp\/v2\/media?parent=16542"}],"wp:term":[{"taxonomy":"category","embeddable":true,"href":"https:\/\/247stiri.ro\/index.php\/wp-json\/wp\/v2\/categories?post=16542"},{"taxonomy":"post_tag","embeddable":true,"href":"https:\/\/247stiri.ro\/index.php\/wp-json\/wp\/v2\/tags?post=16542"}],"curies":[{"name":"wp","href":"https:\/\/api.w.org\/{rel}","templated":true}]}}