{"id":16546,"date":"2024-12-14T15:45:18","date_gmt":"2024-12-14T15:45:18","guid":{"rendered":"https:\/\/247stiri.ro\/index.php\/2024\/12\/14\/claudiu-tarziu-cheama-liderii-aur-sos-si-pot-la-constituirea-unei-aliante-suveraniste\/"},"modified":"2024-12-14T15:45:18","modified_gmt":"2024-12-14T15:45:18","slug":"claudiu-tarziu-cheama-liderii-aur-sos-si-pot-la-constituirea-unei-aliante-suveraniste","status":"publish","type":"post","link":"https:\/\/247stiri.ro\/index.php\/2024\/12\/14\/claudiu-tarziu-cheama-liderii-aur-sos-si-pot-la-constituirea-unei-aliante-suveraniste\/","title":{"rendered":"Claudiu T\u00e2rziu cheam\u0103 liderii AUR, SOS \u0219i POT la constituirea unei alian\u021be SUVERANISTE"},"content":{"rendered":"<p>Claudiu T\u00e2rziu, \u00een calitate de pre\u0219edinte al Institutului de Studii Politice Conservatoare \u201eMihai Eminescu\u201d al AUR, \u00eei invit\u0103 s\u0103pt\u0103m\u00e2na viitoare pe liderii AUR, SOS \u0219i POT la discu\u021bii la Parlament, pentru constituirea unei alian\u021be politice.<\/p>\n<p>\u201e\u00cei invit\u0103m vineri, 20 decembrie 2024, \u00eencep\u00e2nd cu ora 17.00 pe liderii A.U.R., S.O.S. \u0219i P.O.T. la Parlament, pentru o prim\u0103 rund\u0103 de discu\u021bii \u00een vederea semn\u0103rii unui acord de constituire a Blocului Politic Suveranist\u201d, a scris Claudiu T\u00e2rziu, pe pagina sa de\u00a0<a href=\"https:\/\/www.facebook.com\/claudiutarziuaur\" target=\"_blank\">Facebook.<\/a><\/p>\n<p>\u00cen mesajul s\u0103u, Claudiu T\u00e2rziu sus\u021bine c\u0103 \u00een Rom\u00e2nia a fost \u201eorganizat\u0103 o lovitur\u0103 de stat cu complicitatea Cur\u021bii Constitu\u021bionale, prin care s-au anulat alegerile preziden\u021biale\u201d.<\/p>\n<p>\u201eLipsa de reac\u021bie a partidelor tradi\u021bionale \u00een fa\u021ba unui asemenea dictat demonstreaz\u0103 c\u0103 marea majoritate a clasei politice a pierdut complet reperele jocului democratic \u0219i este dispus\u0103 la orice compromis pentru a se eterniza la putere. Pericolul este major pentru na\u021biunea rom\u00e2n\u0103, care este reprezentat\u0103 de un stat mafiotizat \u0219i sl\u0103bit \u00een jocurile geopolitice extrem de dure care vor determina arhitectura de putere mondial\u0103 pentru urm\u0103toarele decenii\u201d, spune Claudiu T\u00e2rziu.<\/p>","protected":false},"excerpt":{"rendered":"<p>Claudiu T\u00e2rziu, \u00een calitate de pre\u0219edinte al Institutului de Studii Politice Conservatoare \u201eMihai Eminescu\u201d al&hellip;<\/p>\n","protected":false},"author":0,"featured_media":16539,"comment_status":"open","ping_status":"open","sticky":false,"template":"","format":"standard","meta":{"footnotes":""},"categories":[2],"tags":[],"class_list":["post-16546","post","type-post","status-publish","format-standard","has-post-thumbnail","hentry","category-actual"],"_links":{"self":[{"href":"https:\/\/247stiri.ro\/index.php\/wp-json\/wp\/v2\/posts\/16546","targetHints":{"allow":["GET"]}}],"collection":[{"href":"https:\/\/247stiri.ro\/index.php\/wp-json\/wp\/v2\/posts"}],"about":[{"href":"https:\/\/247stiri.ro\/index.php\/wp-json\/wp\/v2\/types\/post"}],"replies":[{"embeddable":true,"href":"https:\/\/247stiri.ro\/index.php\/wp-json\/wp\/v2\/comments?post=16546"}],"version-history":[{"count":0,"href":"https:\/\/247stiri.ro\/index.php\/wp-json\/wp\/v2\/posts\/16546\/revisions"}],"wp:featuredmedia":[{"embeddable":true,"href":"https:\/\/247stiri.ro\/index.php\/wp-json\/wp\/v2\/media\/16539"}],"wp:attachment":[{"href":"https:\/\/247stiri.ro\/index.php\/wp-json\/wp\/v2\/media?parent=16546"}],"wp:term":[{"taxonomy":"category","embeddable":true,"href":"https:\/\/247stiri.ro\/index.php\/wp-json\/wp\/v2\/categories?post=16546"},{"taxonomy":"post_tag","embeddable":true,"href":"https:\/\/247stiri.ro\/index.php\/wp-json\/wp\/v2\/tags?post=16546"}],"curies":[{"name":"wp","href":"https:\/\/api.w.org\/{rel}","templated":true}]}}