{"id":16551,"date":"2024-12-14T16:45:17","date_gmt":"2024-12-14T16:45:17","guid":{"rendered":"https:\/\/247stiri.ro\/index.php\/2024\/12\/14\/stefan-banica-reactie-emotionata-la-anuntul-mortii-marelui-actor-mircea-diaconu\/"},"modified":"2024-12-14T16:45:17","modified_gmt":"2024-12-14T16:45:17","slug":"stefan-banica-reactie-emotionata-la-anuntul-mortii-marelui-actor-mircea-diaconu","status":"publish","type":"post","link":"https:\/\/247stiri.ro\/index.php\/2024\/12\/14\/stefan-banica-reactie-emotionata-la-anuntul-mortii-marelui-actor-mircea-diaconu\/","title":{"rendered":"\u0218tefan B\u0103nic\u0103, reac\u021bie emo\u021bionat\u0103 la anun\u021bul mor\u021bii marelui actor Mircea Diaconu"},"content":{"rendered":"<p>\u201eM-am \u00eentristat, f\u0103r\u0103 cuvinte, c\u00e2nd am auzit ast\u0103zi c\u0103 Mircea Diaconu nu mai e printre noi. Cu dou\u0103 zile \u00een urm\u0103, m\u0103 uitam pe Youtube, \u00eentr-o pauz\u0103 de film\u0103ri, la \u201eScrisoarea pierdut\u0103\u201d, pus\u0103 de Liviu Ciulei la Teatrul Bulandra, exact la prima scen\u0103, \u00een care apar Br\u00e2nzovenescu \u015fi Farfuridi, juca\u0163i de Mircea Diaconu \u015fi Dem R\u0103dulescu. De\u015fi am v\u0103zut-o de zeci de ori, r\u00e2deam \u015fi m\u0103 bucuram cu aceea\u015fi poft\u0103. Erau geniali!\u201d, a scris \u015etefan B\u0103nic\u0103 pe Facebook.<\/p>\n<p><a title=\"A murit Mircea Diaconu. Actorul suferea de o boala grea\" href=\"https:\/\/www.realitatea.net\/stiri\/actual\/a-murit-mircea-diaconu-actorul-suferea-de-o-boala-grea_675d57bef439d301b93e7dc2\">A murit Mircea Diaconu. Actorul suferea de o boal\u0103 grea<\/a><\/p>\n\n<p><a title='Marcel Ciolacu: ,,Astazi ne-a parasit marele nostru actor, Mircea Diaconu\"' href=\"https:\/\/www.realitatea.net\/stiri\/actual\/marcel-ciolacu-astazi-nea-parasit-marele-nostru-actor-mircea-diaconu_675d72f8be1c5a5f7153bb72\">Marcel Ciolacu: \u201eAst\u0103zi ne-a p\u0103r\u0103sit marele nostru actor, Mircea Diaconu\u201d<\/a><\/p>","protected":false},"excerpt":{"rendered":"<p>\u201eM-am \u00eentristat, f\u0103r\u0103 cuvinte, c\u00e2nd am auzit ast\u0103zi c\u0103 Mircea Diaconu nu mai e printre&hellip;<\/p>\n","protected":false},"author":0,"featured_media":16552,"comment_status":"open","ping_status":"open","sticky":false,"template":"","format":"standard","meta":{"footnotes":""},"categories":[2],"tags":[],"class_list":["post-16551","post","type-post","status-publish","format-standard","has-post-thumbnail","hentry","category-actual"],"_links":{"self":[{"href":"https:\/\/247stiri.ro\/index.php\/wp-json\/wp\/v2\/posts\/16551","targetHints":{"allow":["GET"]}}],"collection":[{"href":"https:\/\/247stiri.ro\/index.php\/wp-json\/wp\/v2\/posts"}],"about":[{"href":"https:\/\/247stiri.ro\/index.php\/wp-json\/wp\/v2\/types\/post"}],"replies":[{"embeddable":true,"href":"https:\/\/247stiri.ro\/index.php\/wp-json\/wp\/v2\/comments?post=16551"}],"version-history":[{"count":0,"href":"https:\/\/247stiri.ro\/index.php\/wp-json\/wp\/v2\/posts\/16551\/revisions"}],"wp:featuredmedia":[{"embeddable":true,"href":"https:\/\/247stiri.ro\/index.php\/wp-json\/wp\/v2\/media\/16552"}],"wp:attachment":[{"href":"https:\/\/247stiri.ro\/index.php\/wp-json\/wp\/v2\/media?parent=16551"}],"wp:term":[{"taxonomy":"category","embeddable":true,"href":"https:\/\/247stiri.ro\/index.php\/wp-json\/wp\/v2\/categories?post=16551"},{"taxonomy":"post_tag","embeddable":true,"href":"https:\/\/247stiri.ro\/index.php\/wp-json\/wp\/v2\/tags?post=16551"}],"curies":[{"name":"wp","href":"https:\/\/api.w.org\/{rel}","templated":true}]}}