{"id":16553,"date":"2024-12-14T16:45:17","date_gmt":"2024-12-14T16:45:17","guid":{"rendered":"https:\/\/247stiri.ro\/index.php\/2024\/12\/14\/donald-trump-vrea-sa-elimine-ora-de-vara-care-este-planul-noului-presedinte-american\/"},"modified":"2024-12-14T16:45:17","modified_gmt":"2024-12-14T16:45:17","slug":"donald-trump-vrea-sa-elimine-ora-de-vara-care-este-planul-noului-presedinte-american","status":"publish","type":"post","link":"https:\/\/247stiri.ro\/index.php\/2024\/12\/14\/donald-trump-vrea-sa-elimine-ora-de-vara-care-este-planul-noului-presedinte-american\/","title":{"rendered":"Donald Trump vrea s\u0103 \u201eelimine\u201d ora de var\u0103. Care este planul noului pre\u0219edinte american"},"content":{"rendered":"<p>\u201eOra de var\u0103 este nepractic\u0103 \u015fi foarte costisitoare pentru \u0163ara noastr\u0103\u201d, a declarat pre\u015fedintele ales pe platforma sa social\u0103 Truth Social, potrivit AFP, citat de news.ro.<\/p>\n<p>Elon Musk, multimiliardarul numit recent de Donald Trump \u00een fruntea unei comisii \u00eens\u0103rcinate cu reducerea cheltuielilor publice, comentase la sf\u00e2r\u015fitul lunii noiembrie pe re\u0163eaua sa X un sondaj potrivit c\u0103ruia peste 80% dintre aleg\u0103tori au declarat c\u0103 doresc eliminarea orei de var\u0103. \u201eSe pare c\u0103 oamenii vor s\u0103 aboleasc\u0103 schimb\u0103rile de or\u0103 enervante\u201d, a scris Musk.<\/p>\n<p>Dar dorin\u0163a lui Donald Trump de a elimina ora de var\u0103 pare s\u0103 contrazic\u0103 pozi\u0163ia majoritar\u0103 a Partidului Republican, care, \u00een 2022 a lansat un proiect de lege pentru a o face permanent\u0103. M\u0103sura, care a trecut \u00een unanimitate \u00een Senat, dar nu a reu\u015fit s\u0103 treac\u0103 de cealalt\u0103 camer\u0103 a Congresului, de\u015fi avea majoritate republican\u0103, ar fi pus cap\u0103t schimb\u0103rilor de or\u0103, dar ar fi \u00eensemnat \u015fi r\u0103s\u0103rituri foarte t\u00e2rzii ale soarelui \u00een unele state \u00een timpul iernii.<\/p>\n<p>Ideea principal\u0103 din spatele schimb\u0103rii orei a fost ini\u0163ial de a potrivi orele de activitate cu orele de lumin\u0103 solar\u0103 pentru a limita utilizarea iluminatului artificial. \u00cens\u0103 criticii acesteia denun\u0163\u0103 efectele negative asupra ritmurilor biologice, \u00een special la copii. \u00cen Europa, renun\u0163area la schimbarea orei a fost adoptat\u0103 de Parlamentul European \u00een 2019, dar de atunci punerea sa \u00een aplicare a fost am\u00e2nat\u0103 \u00een mod repetat.<\/p>\n<p>Ora de iarn\u0103 se consider\u0103 \u00eens\u0103 a fi timpul legal universal.\u00a0<\/p>","protected":false},"excerpt":{"rendered":"<p>\u201eOra de var\u0103 este nepractic\u0103 \u015fi foarte costisitoare pentru \u0163ara noastr\u0103\u201d, a declarat pre\u015fedintele ales&hellip;<\/p>\n","protected":false},"author":0,"featured_media":16550,"comment_status":"open","ping_status":"open","sticky":false,"template":"","format":"standard","meta":{"footnotes":""},"categories":[2],"tags":[],"class_list":["post-16553","post","type-post","status-publish","format-standard","has-post-thumbnail","hentry","category-actual"],"_links":{"self":[{"href":"https:\/\/247stiri.ro\/index.php\/wp-json\/wp\/v2\/posts\/16553","targetHints":{"allow":["GET"]}}],"collection":[{"href":"https:\/\/247stiri.ro\/index.php\/wp-json\/wp\/v2\/posts"}],"about":[{"href":"https:\/\/247stiri.ro\/index.php\/wp-json\/wp\/v2\/types\/post"}],"replies":[{"embeddable":true,"href":"https:\/\/247stiri.ro\/index.php\/wp-json\/wp\/v2\/comments?post=16553"}],"version-history":[{"count":0,"href":"https:\/\/247stiri.ro\/index.php\/wp-json\/wp\/v2\/posts\/16553\/revisions"}],"wp:featuredmedia":[{"embeddable":true,"href":"https:\/\/247stiri.ro\/index.php\/wp-json\/wp\/v2\/media\/16550"}],"wp:attachment":[{"href":"https:\/\/247stiri.ro\/index.php\/wp-json\/wp\/v2\/media?parent=16553"}],"wp:term":[{"taxonomy":"category","embeddable":true,"href":"https:\/\/247stiri.ro\/index.php\/wp-json\/wp\/v2\/categories?post=16553"},{"taxonomy":"post_tag","embeddable":true,"href":"https:\/\/247stiri.ro\/index.php\/wp-json\/wp\/v2\/tags?post=16553"}],"curies":[{"name":"wp","href":"https:\/\/api.w.org\/{rel}","templated":true}]}}