{"id":16563,"date":"2024-12-14T17:45:18","date_gmt":"2024-12-14T17:45:18","guid":{"rendered":"https:\/\/247stiri.ro\/index.php\/2024\/12\/14\/sociologul-vladimir-ionas-verdict-pentru-alegerile-prezidentiale-ce-calitati-trebuie-sa-aiba-candidatul-coalitiei-de-guvernamant\/"},"modified":"2024-12-14T17:45:18","modified_gmt":"2024-12-14T17:45:18","slug":"sociologul-vladimir-ionas-verdict-pentru-alegerile-prezidentiale-ce-calitati-trebuie-sa-aiba-candidatul-coalitiei-de-guvernamant","status":"publish","type":"post","link":"https:\/\/247stiri.ro\/index.php\/2024\/12\/14\/sociologul-vladimir-ionas-verdict-pentru-alegerile-prezidentiale-ce-calitati-trebuie-sa-aiba-candidatul-coalitiei-de-guvernamant\/","title":{"rendered":"Sociologul Vladimir Iona\u0219, verdict pentru alegerile preziden\u021biale. Ce calit\u0103\u021bi trebuie s\u0103 aib\u0103 candidatul coali\u021biei de guvern\u0103m\u00e2nt?"},"content":{"rendered":"<p>&#8222;Probabil, in momentul de fa\u021b\u0103, partidele negociaz\u0103 pe mai multe paliere, inclusiv cel al viitorului candidat la pre\u0219edin\u021bie. Sigur, ideal ar fi ca cele 2 partide mari, PSD \u0219i PNL, s\u0103 zicem, s\u0103 vin\u0103 cu c\u00e2te un candidat propriu, pentru a rupe astfel din bazinul suveranist, dar este greu de crezut c\u0103 pot scoate asemenea candida\u021bi \u0219i atunci se g\u00e2ndesc la faptul c\u0103 este o strategie mult mai bun\u0103 s\u0103 vin\u0103 cu un candidat comun. Este \u0219i asta o strategie periculoas\u0103, pentru c\u0103 este destul de greu de g\u0103sit acel candidat.<\/p>\n<p>\u00cen opinia mea, viitorul candidat trebuie s\u0103 aib\u0103 2 mari calit\u0103\u021bi: experien\u021b\u0103 politic\u0103 \u0219i s\u0103 fie un extrem de bun comunicator. Este foarte greu s\u0103 g\u0103se\u0219ti un nume care s\u0103 \u00eembine cele 2 calit\u0103\u021bi. Prioritatea alian\u021bei este \u00eens\u0103 stabilitatea guvern\u0103rii \u0219i a economiei<\/p>\n<p>Nicu\u0219or Dan este o posibilitate, a ob\u021binut un scor impresionant \u00een Capital\u0103, dar \u00eenainte de lua o asemena decizie, partidele trebuie s\u0103 analize percep\u021bia la nivel na\u021bional, care este deschiderea electoratului din \u021bar\u0103 fa\u021b\u0103 de o asemenea candidatur\u0103,&#8221; a afirmat sociologul Vladimir Iona\u0219.<\/p>","protected":false},"excerpt":{"rendered":"<p>&#8222;Probabil, in momentul de fa\u021b\u0103, partidele negociaz\u0103 pe mai multe paliere, inclusiv cel al viitorului&hellip;<\/p>\n","protected":false},"author":0,"featured_media":16559,"comment_status":"open","ping_status":"open","sticky":false,"template":"","format":"standard","meta":{"footnotes":""},"categories":[2],"tags":[],"class_list":["post-16563","post","type-post","status-publish","format-standard","has-post-thumbnail","hentry","category-actual"],"_links":{"self":[{"href":"https:\/\/247stiri.ro\/index.php\/wp-json\/wp\/v2\/posts\/16563","targetHints":{"allow":["GET"]}}],"collection":[{"href":"https:\/\/247stiri.ro\/index.php\/wp-json\/wp\/v2\/posts"}],"about":[{"href":"https:\/\/247stiri.ro\/index.php\/wp-json\/wp\/v2\/types\/post"}],"replies":[{"embeddable":true,"href":"https:\/\/247stiri.ro\/index.php\/wp-json\/wp\/v2\/comments?post=16563"}],"version-history":[{"count":0,"href":"https:\/\/247stiri.ro\/index.php\/wp-json\/wp\/v2\/posts\/16563\/revisions"}],"wp:featuredmedia":[{"embeddable":true,"href":"https:\/\/247stiri.ro\/index.php\/wp-json\/wp\/v2\/media\/16559"}],"wp:attachment":[{"href":"https:\/\/247stiri.ro\/index.php\/wp-json\/wp\/v2\/media?parent=16563"}],"wp:term":[{"taxonomy":"category","embeddable":true,"href":"https:\/\/247stiri.ro\/index.php\/wp-json\/wp\/v2\/categories?post=16563"},{"taxonomy":"post_tag","embeddable":true,"href":"https:\/\/247stiri.ro\/index.php\/wp-json\/wp\/v2\/tags?post=16563"}],"curies":[{"name":"wp","href":"https:\/\/api.w.org\/{rel}","templated":true}]}}