{"id":16798,"date":"2024-12-16T07:46:00","date_gmt":"2024-12-16T07:46:00","guid":{"rendered":"https:\/\/247stiri.ro\/index.php\/2024\/12\/16\/transportatorii-rutieri-trag-un-semnal-de-alarma-valoarea-politelor-rca-s-a-dublat-de-la-inceputul-anului\/"},"modified":"2024-12-16T07:46:00","modified_gmt":"2024-12-16T07:46:00","slug":"transportatorii-rutieri-trag-un-semnal-de-alarma-valoarea-politelor-rca-s-a-dublat-de-la-inceputul-anului","status":"publish","type":"post","link":"https:\/\/247stiri.ro\/index.php\/2024\/12\/16\/transportatorii-rutieri-trag-un-semnal-de-alarma-valoarea-politelor-rca-s-a-dublat-de-la-inceputul-anului\/","title":{"rendered":"Transportatorii rutieri trag un semnal de alarm\u0103: Valoarea poli\u021belor RCA s-a dublat, de la \u00eenceputul anului"},"content":{"rendered":"<p>\u00cen acest an, \u00een timp ce aten\u021bia public\u0103 era concentrat\u0103 asupra campaniei electorale, companiile de asigur\u0103ri au dublat pre\u021burile poli\u021belor RCA, profit\u00e2nd de o presupus\u0103 plafonare ineficient\u0103 impus\u0103 de Guvernul Rom\u00e2niei, iar ASF nu a f\u0103cut nimic pentru a opri aceste ac\u021biuni abuzive ale companiilor de asigur\u0103ri.<\/p>\n<p>\u00a0<\/p>\n<p>Iat\u0103 un studiu de caz care arat\u0103 cre\u0219terea abuziv\u0103 \u0219i nejustificat\u0103 a pre\u021bului RCA cu peste 300% sub \u201esupravegherea\u201d ASF:<\/p>\n<p>\u00a0<\/p>\n<p>Avem un autoturism care, \u00een perioada analizat\u0103 (2021-2025), a avut acela\u0219i proprietar, cu acela\u0219i domiciliu \u0219i acela\u0219i istoric de daune (clas\u0103 de bonus maxim\u0103 &#8211; B8):<\/p>\n<p>\u00a0<\/p>\n<p>2021: RCA 12 luni \u2013 358 lei2022: RCA 12 luni \u2013 727 lei2023: RCA 12 luni \u2013 630 lei2024: RCA 12 luni \u2013 673 lei2025: RCA 12 luni \u2013 1.240 lei<\/p>\n<p>\u00a0<\/p>\n<p>Aceast\u0103 cre\u0219tere alarmant\u0103 de aproape 300% \u00een cinci ani \u2013 cu o dublare doar \u00een ultimul an \u2013 s-a produs f\u0103r\u0103 o justificare economic\u0103 valid\u0103, \u00een absen\u021ba unor daune sau schimb\u0103ri \u00een profilul asiguratului. Guvernul nu poate \u00eenchide ochii la nesf\u00e2r\u0219it \u00een fa\u021ba complicit\u0103\u021bii ASF la abuzurile asigur\u0103torilor. Responsabilitatea este a ASF \u0219i a domnului Sorin Mititelu.\u00a0ASF, institu\u021bia care ar trebui s\u0103 protejeze consumatorii \u0219i s\u0103 vegheze la respectarea legisla\u021biei \u00een domeniul asigur\u0103rilor, a demonstrat o atitudine pasiv\u0103. Mai grav, vicepre\u0219edintele ASF, Sorin Mititelu, direct responsabil de sectorul asigur\u0103rilor, nu a luat m\u0103suri concrete pentru a \u00eempiedica aceste abuzuri.<\/p>\n<p>\u00a0<\/p>\n<p>\u00cen vara anului 2024, domnul Mititelu a ini\u021biat controale superficiale la companiile de asigur\u0103ri, \u00een urma presiunii publice. Rezultatele acestor controale au fost lipsite de substan\u021b\u0103. ASF a transmis c\u0103 asigur\u0103torii nu au \u00eenc\u0103lcat plafon\u0103rile stabilite prin Hot\u0103r\u00e2re de Guvern, de\u0219i poli\u021b\u0103 RCA se dublase pe perioada\u00a0 \u201eplafon\u0103rii\u201d. Pre\u021burile RCA cresc alarmant, \u00een fiecare azi, demonstr\u00e2nd lipsa de eficien\u021b\u0103 a acestei institu\u021bii.<\/p>\n<p>\u00a0<\/p>\n<p>COTAR, \u00een numele transportatorilor pe care \u00eei reprezint\u0103, dar \u0219i \u00een asentimentul celor circa 10 milioane de asigura\u021bi din Rom\u00e2nia, solicit\u0103 ferm noului Parlament s\u0103 ia urm\u0103toarele m\u0103suri urgente:<\/p>\n<p>Destituirea de urgen\u021b\u0103 a vicepre\u0219edintelui ASF, Sorin Mititelu, care \u0219i-a demonstrat incapacitatea de a gestiona situa\u021bia din pia\u021ba asigur\u0103rilor \u0219i lipsa de preocupare pentru protec\u021bia consumatorilor;Ini\u021bierea unor anchete ale autorit\u0103\u021bilor (inclusiv D.N.A) privind major\u0103rile abuzive ale pre\u021burilor RCA, \u00eenc\u0103lcarea HG-ului \u0219i identificarea vinova\u021bilor pentru situa\u021bia create;Reorganizarea ASF \u0219i trecerea sectorului de asigur\u0103ri \u00een subordinea Ministerului de Finante, pentru a transforma institu\u021bia \u00eentr-un real protector al drepturilor consumatorilor de asigur\u0103ri.<\/p>\n<p>\u00a0<\/p>\n<p>\u201eAm avertizat Parlamentul, \u00eenc\u0103 de la numirea \u00een func\u021bie a vicepre\u0219edintelui ASF Sorin Mititelu \u00een leg\u0103tur\u0103 cu situa\u021bia lui de incompatibilitate cu sectorul Asigur\u0103ri, el av\u00e2nd activitate anterioar\u0103 \u00een industria asigur\u0103rilor, iar ceea ce a f\u0103cut de c\u00e2nd a primit func\u021bia, p\u00e2n\u0103 ast\u0103zi, confirm\u0103 temerile noastre, demonstr\u00e2nd c\u0103 am avut dreptate. Solicit\u0103m noului Parlament s\u0103 corecteze gre\u0219elile trecutului \u0219i s\u0103 \u00eel destituie de urgen\u021b\u0103 pe Sorin Mititelu din func\u021bie, trimi\u021b\u00e2nd un semnal clar c\u0103 protec\u021bia cet\u0103\u021benilor este prioritar\u0103. Este timpul s\u0103 punem cap\u0103t jafului RCA care a devenit mai scump dec\u00e2t \u00een Germania! Cerem noului Parlament \u0219i noului Guvern s\u0103 r\u0103spund\u0103 acestei solicit\u0103ri venite din partea COTAR \u0219i a tuturor transportatorilor \u0219i asigura\u021bilor, pentru a pune cap\u0103t abuzurilor legate de cre\u0219terea nejustificat\u0103 a pre\u021bului poli\u021belor RCA\u201d, a declarat Vasile \u0218tef\u0103nescu, Pre\u0219edintele COTAR.<\/p>","protected":false},"excerpt":{"rendered":"<p>\u00cen acest an, \u00een timp ce aten\u021bia public\u0103 era concentrat\u0103 asupra campaniei electorale, companiile de&hellip;<\/p>\n","protected":false},"author":0,"featured_media":16799,"comment_status":"open","ping_status":"open","sticky":false,"template":"","format":"standard","meta":{"footnotes":""},"categories":[2],"tags":[],"class_list":["post-16798","post","type-post","status-publish","format-standard","has-post-thumbnail","hentry","category-actual"],"_links":{"self":[{"href":"https:\/\/247stiri.ro\/index.php\/wp-json\/wp\/v2\/posts\/16798","targetHints":{"allow":["GET"]}}],"collection":[{"href":"https:\/\/247stiri.ro\/index.php\/wp-json\/wp\/v2\/posts"}],"about":[{"href":"https:\/\/247stiri.ro\/index.php\/wp-json\/wp\/v2\/types\/post"}],"replies":[{"embeddable":true,"href":"https:\/\/247stiri.ro\/index.php\/wp-json\/wp\/v2\/comments?post=16798"}],"version-history":[{"count":0,"href":"https:\/\/247stiri.ro\/index.php\/wp-json\/wp\/v2\/posts\/16798\/revisions"}],"wp:featuredmedia":[{"embeddable":true,"href":"https:\/\/247stiri.ro\/index.php\/wp-json\/wp\/v2\/media\/16799"}],"wp:attachment":[{"href":"https:\/\/247stiri.ro\/index.php\/wp-json\/wp\/v2\/media?parent=16798"}],"wp:term":[{"taxonomy":"category","embeddable":true,"href":"https:\/\/247stiri.ro\/index.php\/wp-json\/wp\/v2\/categories?post=16798"},{"taxonomy":"post_tag","embeddable":true,"href":"https:\/\/247stiri.ro\/index.php\/wp-json\/wp\/v2\/tags?post=16798"}],"curies":[{"name":"wp","href":"https:\/\/api.w.org\/{rel}","templated":true}]}}