{"id":16800,"date":"2024-12-16T07:46:00","date_gmt":"2024-12-16T07:46:00","guid":{"rendered":"https:\/\/247stiri.ro\/index.php\/2024\/12\/16\/35-de-ani-de-la-inceperea-caderii-comunismului-timisoara-epicentrul-rezistentei-si-locul-unde-curajul-oamenilor-a-aprins-flacara-libertatii\/"},"modified":"2024-12-16T07:46:00","modified_gmt":"2024-12-16T07:46:00","slug":"35-de-ani-de-la-inceperea-caderii-comunismului-timisoara-epicentrul-rezistentei-si-locul-unde-curajul-oamenilor-a-aprins-flacara-libertatii","status":"publish","type":"post","link":"https:\/\/247stiri.ro\/index.php\/2024\/12\/16\/35-de-ani-de-la-inceperea-caderii-comunismului-timisoara-epicentrul-rezistentei-si-locul-unde-curajul-oamenilor-a-aprins-flacara-libertatii\/","title":{"rendered":"35 de ani de la \u00eenceperea c\u0103derii COMUNISMULUI. Timi\u0219oara, epicentrul rezisten\u021bei \u0219i locul unde curajul oamenilor a aprins flac\u0103ra libert\u0103\u021bii"},"content":{"rendered":"<p>Evenimentele au fost declan\u0219ate de decizia autorit\u0103\u021bilor de a-l evacua pe pastorul reformat L\u00e1szl\u00f3 T\u0151k\u00e9s, cunoscut pentru criticile sale la adresa regimului Ceau\u0219escu. \u00cen jurul casei pastorului, credincio\u0219i \u0219i sus\u021bin\u0103tori au \u00eenceput s\u0103 se adune, cer\u00e2nd oprirea evacu\u0103rii. \u00cens\u0103 protestul spontan s-a transformat rapid \u00eentr-o manifesta\u021bie anticomunist\u0103 pe fondul nemul\u021bumirilor generale: lipsuri cronice, opresiune politic\u0103 \u0219i o stare de supraveghere continu\u0103.<\/p>\n<p>Seara zilei de 16 decembrie a marcat \u00eenceputul confrunt\u0103rilor dintre manifestan\u021bi \u0219i for\u021bele de ordine. Mul\u021bimile au scandat lozinci precum \u201eJos Ceau\u0219escu!\u201d \u0219i \u201eLibertate!\u201d, pentru prima dat\u0103 \u00eentr-un spa\u021biu public, sfid\u00e2nd deschis regimul.<\/p>\n<p>La 16 decembrie 1989, mai mul\u0163i credincio\u015fi din ora\u015f demonstrau pa\u015fnic, \u00een jurul Catedralei reformate din Pia\u0163a Maria, fa\u0163\u0103 de o decizia prin care pastorul reformat L\u00e1szl\u00f3 Tok\u00e9s urma s\u0103 fie evacuat \u015fi mutat \u00een alt\u0103 localitate. Mi\u015fcarea avea s\u0103 se extind\u0103, la aceasta ader\u00e2nd studen\u0163i, muncitori \u015fi al\u0163i locuitori ai Timi\u015foarei. Se formeaz\u0103 coloane de timi\u015foreni care se \u00eendreapt\u0103 c\u0103tre centrul ora\u015fului. Izbucne\u015fte, astfel, o revolt\u0103 anticomunist\u0103 pe fondul sc\u0103derii dramatice a nivelului de trai al popula\u0163iei, ca \u015fi al destr\u0103m\u0103rii sistemului comunist european \u00een fostele \u0163\u0103ri socialiste, men\u0163ioneaz\u0103 lucrarea &#8222;Istoria Rom\u00e2niei \u00een date&#8221; (Ed. Enciclopedic\u0103, 2003).<\/p>\n<p>\u00cen scurt timp, Pia\u0163a Maria este ocupat\u0103 de c\u00e2teva sute de persoane, care scandeaz\u0103 &#8222;Libertate&#8221;, &#8222;Dreptate&#8221; \u015fi care c\u00e2nt\u0103 &#8222;De\u015fteapt\u0103-te, rom\u00e2ne!&#8221;. Coloanele de manifestan\u0163i se \u00eendreapt\u0103 spre Comitetul jude\u0163ean al Partidului Comunist Rom\u00e2n (PCR). Sunt mobilizate for\u0163ele de ordine ale Ministerului de Interne, ale Mili\u0163iei, armata, g\u0103rzile patriotice, pompierii. Manifestan\u0163ii sunt \u00eent\u00e2mpina\u0163i cu jeturi de ap\u0103, gaze lacrimogene. Au loc ciocniri violente \u00eentre demonstran\u0163i \u015fi for\u0163ele de ordine. Se opereaz\u0103 arest\u0103ri.<\/p>\n<p>\u00cen jurul orei 16.00, mai multe tramvaie sunt blocate de c\u0103tre manifestan\u0163i \u015fi se strig\u0103 &#8222;Jos cu Ceau\u015fescu!&#8221;. P\u00e2n\u0103 la miezul nop\u0163ii, unii manifestan\u0163i, printre care \u015fi pastorul L\u00e1szl\u00f3 Tok\u00e9s, sunt b\u0103tu\u0163i \u015fi aresta\u0163i.<\/p>\n<p>A doua zi, la 17 decembrie 1989, timi\u015forenii se adun\u0103 \u00een strad\u0103 \u00een num\u0103r foarte mare; manifestan\u0163ilor li se al\u0103tur\u0103 muncitori din fabrici \u015fi uzine. Se scandeaz\u0103: &#8222;Jos Ceau\u015fescu!&#8221;, &#8222;Jos comunismul!&#8221;, &#8222;Nu v\u0103 fie fric\u0103!&#8221;. Comitetul jude\u0163ean al PCR este luat cu &#8222;asalt&#8221; de c\u0103tre demonstran\u0163i, care p\u0103trund \u00een cl\u0103dire prin geamurile sparte. Intervine armata.<\/p>\n<p>Din dispozi\u0163ia lui Nicolae Ceau\u015fescu, sunt trimi\u015fi la Timi\u015foara, \u00een ajutorul conducerii locale a jude\u0163ului: generalul Velicu Mihalea, adjunct al \u015fefului Direc\u0163iei de Contrainforma\u0163ii din Departamentul Securit\u0103\u0163ii Statului (DSS), colonelul Filip Teodorescu de la Direc\u0163ia a III-a Contraspionaj din DSS \u015fi al\u0163i ofi\u0163eri superiori. Ion Coman, secretar al Comitetului Central al PCR, este numit comandant unic pentru Timi\u015foara. El se deplaseaz\u0103 la Timi\u015foara, \u00eenso\u0163it de generalii \u015etefan Gu\u015f\u0103, Victor Atanasie St\u0103nculescu, Mihai Chi\u0163ac, Florea Com\u015fa, colonelul Gheorghe Radu \u015f.a., \u00een vederea coordon\u0103rii ac\u0163iunilor represive. La miezul nop\u0163ii, for\u0163ele de ordine deschid focul asupra manifestan\u0163ilor; sunt uci\u015fi \u015fi r\u0103ni\u0163i copii, tineri, femei \u015fi b\u0103tr\u00e2ni. Peste 20.000 de membri ai &#8222;g\u0103rzilor patriotice&#8221; din Dolj \u015fi R\u00e2mnicu V\u00e2lcea sunt trimi\u015fi cu trenuri speciale spre Timi\u015foara; \u00eenarma\u0163i cu bastoane, ei aveau misiunea s\u0103 ajute la dispersarea manifestan\u0163ilor. Ac\u0163iunea e\u015fueaz\u0103. O parte a celor trimi\u015fi fraternizeaz\u0103 cu timi\u015forenii, o alt\u0103 parte este oprit\u0103 pe drum \u015fi face cale \u00eentoars\u0103.<\/p>\n<p>\u00cen aceea\u015fi zi, Nicolae Ceau\u015fescu convoac\u0103 o teleconferin\u0163\u0103 cu activul de partid \u015fi de stat din jude\u0163e \u015fi anun\u0163\u0103 c\u0103 a dat ordin s\u0103 se trag\u0103. &#8222;Se someaz\u0103, oricine nu se supune se socote\u015fte stare de necesitate \u015fi se aplic\u0103 legea!&#8221;, amenin\u0163\u0103 liderul comunist. \u00cen toate \u00eentreprinderile \u015fi institu\u0163iile din \u0163ar\u0103 se face de gard\u0103 24 de ore din 24 de ore, se \u00eent\u0103resc m\u0103surile de paz\u0103 \u015fi securitate, atmosfera devenind foarte \u00eenc\u0103rcat\u0103, dac\u0103 nu exploziv\u0103. Pe str\u0103zi circul\u0103 patrule formate dintr-un mili\u0163ian, un militar \u00een termen \u015fi un membru al g\u0103rzilor patriotice.\u00cen Timi\u015foara se aud primele focuri de arm\u0103, p\u00e2n\u0103 dup\u0103 miezul nop\u0163ii av\u00e2nd loc lupte de strad\u0103 \u00eentre civili \u015fi militari \u015fi fiind incendiate TAB-uri, tancuri \u015fi magazine. De asemenea, pe treptele catedralei, un grup format din copii \u015fi tineri civili \u00eencep s\u0103 scandeze: &#8222;Jos Ceau\u015fescu!&#8221;, &#8222;Libertate!&#8221;, &#8222;Vrem o \u0163ar\u0103 liber\u0103!&#8221;. Ei c\u00e2nt\u0103 colinde, iar alte c\u00e2teva sute de manifestan\u0163i li se al\u0103tur\u0103, flutur\u00e2nd un steag din care fusese decupat\u0103 stema comunist\u0103.\u00cen timp ce pe 18 decembrie 1989 Nicolae Ceau\u015fescu \u00ee\u015fi \u00eencepe vizita oficial\u0103 \u00een Republica Islamic\u0103 Iran, \u00een Timi\u015foara vitrinele magazinelor sunt sparte, mili\u0163ienii sunt peste tot, iar militarii ordon\u0103 oamenilor s\u0103 circule f\u0103r\u0103 oprire, fiind \u00eempiedica\u0163i s\u0103 stea \u00een grupuri.Dup\u0103 dou\u0103 zile \u00een care armata, mili\u0163ia \u015fi securitatea \u00eencearc\u0103 s\u0103 reprime f\u0103r\u0103 succes revolta, demonstran\u0163ii ocup\u0103, la 19 decembrie 1989, centrul Timi\u015foarei, din zona Pia\u0163a Operei. Cele mai multe \u00eentreprinderi din Timi\u015foara \u00ee\u015fi \u00eenceteaz\u0103 activitatea, se organizeaz\u0103 mitinguri de protest, se formuleaz\u0103 revendic\u0103ri. Pe str\u0103zile ora\u015fului, militarii fraternizeaz\u0103 cu revolu\u0163ionarii \u015fi se scandeaz\u0103: &#8222;Armata e cu noi!&#8221;.Un num\u0103r de peste 40 de cadavre ale unor victime ale represiunii din Timi\u015foara, neidentificate, sunt transportate, \u00een secret, de la morga Spitalului Jude\u0163ean Timi\u015f \u00een Bucure\u015fti, unde, \u00een noaptea de 19 spre 20 decembrie, sunt incinerate la crematoriul &#8222;Cenu\u015fa&#8221;.La 20 decembrie 1989, demonstran\u0163ii din Timi\u015foara se grupeaz\u0103 \u00een Frontul Democratic Rom\u00e2n, av\u00e2ndu-i \u00een frunte pe Lorin Fortuna (pre\u015fedinte), Ioan Chi\u015f (vicepre\u015fedinte) \u015fi Claudiu Iordache (secretar general), cu scopul de a organiza mi\u015fcarea de rezisten\u0163\u0103. Diminea\u0163a, zeci de coloane de muncitori din \u00eentreprinderile ora\u015fului se \u00eendreapt\u0103 spre Pia\u0163a Operei. \u00cen jurul orei 11.00, generalul \u015etefan Gu\u015f\u0103 ordon\u0103 retragerea tehnicii de lupt\u0103 \u00een caz\u0103rmi \u015fi interzicerea folosirii armamentului din dotare. \u00cen jurul orei 13.00, coloanele de manifestan\u0163i ajung \u00een Pia\u0163a Operei, iar militarii fraternizeaz\u0103 cu ei. La ora 14.00, efectivele militare sunt retrase \u00een caz\u0103rmi, iar autorit\u0103\u0163ile centrale \u015fi locale nu-\u015fi mai exercit\u0103 autoritatea asupra ora\u015fului. Astfel, Timi\u015foara devine primul ora\u015f liber al Rom\u00e2niei.<\/p>\n<p>\u00cen balconul Operei i se \u00eenm\u00e2neaz\u0103 primarului Timi\u015foarei, Petre Mo\u0163, revendic\u0103rile protestatarilor: eliberarea aresta\u0163ilor, redarea cadavrelor familiilor care le revendic\u0103, demisia lui Nicolae Ceau\u015fescu, circula\u0163ia liber\u0103 a oamenilor \u015fi a ideilor. Mul\u0163imea scandeaz\u0103: &#8222;Nu plec\u0103m acas\u0103, mor\u0163ii nu ne las\u0103!&#8221;, &#8222;Azi \u00een Timi\u015foara, m\u00e2ine-n toat\u0103 \u0163ara!&#8221;.\u00a0\u00a0<\/p>\n<p>Sediul Comitetului jude\u0163ean al PCR este \u00eenconjurat de muncitori. \u00cen \u00eencercarea de a rezolva criza, liderii comuni\u015fti Emil Bobu \u015fi Constantin D\u0103sc\u0103lescu se \u00eent\u00e2lnesc cu o delega\u0163ie a manifestan\u0163ilor. Emisarii lui Ceau\u015fescu, \u00eengrozi\u0163i de revendic\u0103rile manifestan\u0163ilor (demisia lui Ceau\u015fescu \u015fi a guvernului), se re\u00eentorc \u00een grab\u0103 la Bucure\u015fti.Nicolae Ceau\u015fescu revine din vizita oficial\u0103 din Iran \u015fi decreteaz\u0103 instituirea st\u0103rii de necesitate. \u00cen cadrul unui discurs televizat, acesta afirm\u0103 c\u0103 &#8222;elemente huliganice (&#8230;) au provocat distrugeri de tip fascist \u00een scopul destabiliz\u0103rii \u0163\u0103rii, dezmembr\u0103rii teritoriale, lichid\u0103rii revolu\u0163iei socialiste \u015fi \u00eentoarcerii sub domina\u0163ie str\u0103in\u0103&#8221;. Totodat\u0103, Ceau\u015fescu d\u0103 vina pe &#8222;agenturile str\u0103ine de spionaj \u015fi pe rom\u00e2nii din interior care \u00ee\u015fi v\u00e2nd \u0163ara pentru un pumn de dolari sau pentru alte valute&#8221;.Presa controlat\u0103 de guvern nu a dat nicio relatare a evenimentelor de la Timi\u015foara, acestea fiind cunoscute \u00eens\u0103 pe larg prin emisiunile \u00een limba rom\u00e2n\u0103 ale principalelor posturi de radio occidentale, precum \u015fi prin emisiunile de la Budapesta \u015fi Belgrad.La 20 decembrie 1989, este emis un Decret preziden\u0163ial prin care se instituie starea de necesitate pe teritoriul jude\u0163ului Timi\u015f, ca urmare a &#8222;gravei \u00eenc\u0103lc\u0103ri a ordinii publice prin acte teroriste, de vandalism \u015fi de distrugere a unor bunuri ob\u015fte\u015fti&#8221;. Comitetul municipal de partid anun\u0163\u0103 organizarea unui mare miting \u00een Pia\u0163a Palatului, unde se spera ca Bucure\u015ftiul s\u0103 condamne &#8222;ac\u0163iunile huliganice&#8221; de la Timi\u015foara, potrivit  AGERPRES.<\/p>","protected":false},"excerpt":{"rendered":"<p>Evenimentele au fost declan\u0219ate de decizia autorit\u0103\u021bilor de a-l evacua pe pastorul reformat L\u00e1szl\u00f3 T\u0151k\u00e9s,&hellip;<\/p>\n","protected":false},"author":0,"featured_media":16801,"comment_status":"open","ping_status":"open","sticky":false,"template":"","format":"standard","meta":{"footnotes":""},"categories":[2],"tags":[],"class_list":["post-16800","post","type-post","status-publish","format-standard","has-post-thumbnail","hentry","category-actual"],"_links":{"self":[{"href":"https:\/\/247stiri.ro\/index.php\/wp-json\/wp\/v2\/posts\/16800","targetHints":{"allow":["GET"]}}],"collection":[{"href":"https:\/\/247stiri.ro\/index.php\/wp-json\/wp\/v2\/posts"}],"about":[{"href":"https:\/\/247stiri.ro\/index.php\/wp-json\/wp\/v2\/types\/post"}],"replies":[{"embeddable":true,"href":"https:\/\/247stiri.ro\/index.php\/wp-json\/wp\/v2\/comments?post=16800"}],"version-history":[{"count":0,"href":"https:\/\/247stiri.ro\/index.php\/wp-json\/wp\/v2\/posts\/16800\/revisions"}],"wp:featuredmedia":[{"embeddable":true,"href":"https:\/\/247stiri.ro\/index.php\/wp-json\/wp\/v2\/media\/16801"}],"wp:attachment":[{"href":"https:\/\/247stiri.ro\/index.php\/wp-json\/wp\/v2\/media?parent=16800"}],"wp:term":[{"taxonomy":"category","embeddable":true,"href":"https:\/\/247stiri.ro\/index.php\/wp-json\/wp\/v2\/categories?post=16800"},{"taxonomy":"post_tag","embeddable":true,"href":"https:\/\/247stiri.ro\/index.php\/wp-json\/wp\/v2\/tags?post=16800"}],"curies":[{"name":"wp","href":"https:\/\/api.w.org\/{rel}","templated":true}]}}