{"id":16804,"date":"2024-12-16T07:46:01","date_gmt":"2024-12-16T07:46:01","guid":{"rendered":"https:\/\/247stiri.ro\/index.php\/2024\/12\/16\/categoria-de-bugetari-care-vor-avea-18-zile-libere-consecutive-de-craciun-si-anul-nou\/"},"modified":"2024-12-16T07:46:01","modified_gmt":"2024-12-16T07:46:01","slug":"categoria-de-bugetari-care-vor-avea-18-zile-libere-consecutive-de-craciun-si-anul-nou","status":"publish","type":"post","link":"https:\/\/247stiri.ro\/index.php\/2024\/12\/16\/categoria-de-bugetari-care-vor-avea-18-zile-libere-consecutive-de-craciun-si-anul-nou\/","title":{"rendered":"Categoria de BUGETARI care vor avea 18 zile libere consecutive de Cr\u0103ciun \u0219i Anul Nou\u00a0"},"content":{"rendered":"<p>Elevii din Rom\u00e2nia vor \u00eencheia al doilea modul de cursuri pe 20 decembrie, dat\u0103 la care \u00eencepe vacan\u021ba de iarn\u0103. Copiii \u0219i educatorii vor avea 18 zile de concediu consecutiv. Iat\u0103 cum va fi anul viitor, precum \u0219i de c\u00e2nd copiii vor \u00eencepe s\u0103 frecventeze \u0219coala.<\/p>\n<p>To\u021bi se vor \u00eentoarce \u00een b\u0103nci miercuri, 8 ianuarie, c\u00e2nd \u00eencepe al treilea modul \u0219colar. \u00cen februarie va avea loc \u0219i a treia vacan\u021b\u0103. Va fi o vacan\u021b\u0103 mobil\u0103 sau de schi, care va fi aleas\u0103 de fiecare jude\u0163 \u0219i va dura o s\u0103pt\u0103m\u00e2n\u0103, \u00eentre 10 februarie \u0219i 2 martie.<\/p>\n<p><a href=\"https:\/\/www.realitatea.net\/stiri\/lifestyle\/calendar-zile-libere-in-2025-tot-ce-trebuie-sa-stie-angajatii-din-romania_6759466138aa2a57867213e2\" target=\"_blank\">Calendar zile libere \u00een 2025. Tot ce trebuie s\u0103 \u0219tie angaja\u021bii din Rom\u00e2nia<\/a><\/p>\n<p>Joi, 17 aprilie, va fi ultima zi a celui de-al patrulea modul. Din vinerea mare, 18 aprilie 2025, p\u00e2n\u0103 duminic\u0103, 27 aprilie 2025, este vacan\u021ba de Pa\u015fte.A\u0219tept\u0103m modulul cinci \u0219i vacan\u021ba mare! Asta dac\u0103 nu lu\u0103m \u00een considerare \u0219i elevii care trebuie s\u0103 depun\u0103 examene, cum ar fi Bacalaureatul \u0219i Evaluarea Na\u021bional\u0103. Simul\u0103rile de examen au loc \u00een martie, iar cei mai importan\u021bi candida\u021bi vor \u00eencepe probele orale la Bacalaureat pe 27 ianuarie.<\/p>","protected":false},"excerpt":{"rendered":"<p>Elevii din Rom\u00e2nia vor \u00eencheia al doilea modul de cursuri pe 20 decembrie, dat\u0103 la&hellip;<\/p>\n","protected":false},"author":0,"featured_media":16805,"comment_status":"open","ping_status":"open","sticky":false,"template":"","format":"standard","meta":{"footnotes":""},"categories":[2],"tags":[],"class_list":["post-16804","post","type-post","status-publish","format-standard","has-post-thumbnail","hentry","category-actual"],"_links":{"self":[{"href":"https:\/\/247stiri.ro\/index.php\/wp-json\/wp\/v2\/posts\/16804","targetHints":{"allow":["GET"]}}],"collection":[{"href":"https:\/\/247stiri.ro\/index.php\/wp-json\/wp\/v2\/posts"}],"about":[{"href":"https:\/\/247stiri.ro\/index.php\/wp-json\/wp\/v2\/types\/post"}],"replies":[{"embeddable":true,"href":"https:\/\/247stiri.ro\/index.php\/wp-json\/wp\/v2\/comments?post=16804"}],"version-history":[{"count":0,"href":"https:\/\/247stiri.ro\/index.php\/wp-json\/wp\/v2\/posts\/16804\/revisions"}],"wp:featuredmedia":[{"embeddable":true,"href":"https:\/\/247stiri.ro\/index.php\/wp-json\/wp\/v2\/media\/16805"}],"wp:attachment":[{"href":"https:\/\/247stiri.ro\/index.php\/wp-json\/wp\/v2\/media?parent=16804"}],"wp:term":[{"taxonomy":"category","embeddable":true,"href":"https:\/\/247stiri.ro\/index.php\/wp-json\/wp\/v2\/categories?post=16804"},{"taxonomy":"post_tag","embeddable":true,"href":"https:\/\/247stiri.ro\/index.php\/wp-json\/wp\/v2\/tags?post=16804"}],"curies":[{"name":"wp","href":"https:\/\/api.w.org\/{rel}","templated":true}]}}