{"id":16872,"date":"2024-12-16T10:45:51","date_gmt":"2024-12-16T10:45:51","guid":{"rendered":"https:\/\/247stiri.ro\/index.php\/2024\/12\/16\/nicusor-dan-candidat-independent-la-alegerile-prezidentiale\/"},"modified":"2024-12-16T10:45:51","modified_gmt":"2024-12-16T10:45:51","slug":"nicusor-dan-candidat-independent-la-alegerile-prezidentiale","status":"publish","type":"post","link":"https:\/\/247stiri.ro\/index.php\/2024\/12\/16\/nicusor-dan-candidat-independent-la-alegerile-prezidentiale\/","title":{"rendered":"Nicu\u0219or Dan, candidat independent la alegerile preziden\u021biale"},"content":{"rendered":"<p>Potrivit surselor politice, candidatura lui Nicu\u0219or Dan nu a fost negociat\u0103 cu partidele pro-europene, USR, PNL, PSD sau UDMR. Candidatura la preziden\u021biale ar urma tiparul celei de la Prim\u0103ria Capitalei din 2020, care a fost anun\u021bat\u0103 \u00eenainte de a primi vreo sus\u021binere de la vreun partid.<\/p>\n<p>Potrivit legii, Nicu\u0219or Dan va trebui s\u0103 aib\u0103 200.000 de semn\u0103turi pentru a putea candida. Nicu\u0219or Dan nu este obligat s\u0103 demisioneze de la Prim\u0103ria Bucure\u0219ti. Cel mai probabil \u00ee\u0219i va lua concediu pe durata campaniei electorale, au precizat sursele citate.<\/p>\n<p>Doar dac\u0103 va c\u00e2\u0219tiga alegerile, Nicu\u0219or Dan va trebui s\u0103 demsioneaze de la Prim\u0103ria Capitalei. \u00cen acest caz, organizarea de noi alegeri pentru prim\u0103ria Bucure\u0219tiului ar urma s\u0103 fie decis\u0103 de Guvern.<\/p>\n<p>Nicu\u0219or Dan este fondatorul partidului Uniunea Salva\u021bi Rom\u00e2nia (USR), din care a demisionat \u00een iunie 2017 deoarece n-a dorit s\u0103 pozi\u021bioneze partidul \u00eempotriva referendumului pentru familie.<\/p>\n<p><a href=\"https:\/\/www.realitatea.net\/stiri\/actual\/nicusor-dan-propus-de-catre-onguri-si-politicieni-sa-candideze-la-alegerile-prezindentiale_675453783c7917056f3feea2\" target=\"_blank\">Nicu\u0219or Dan, propus de c\u0103tre ONG-uri \u0219i politicieni s\u0103 candideze la alegerile preziden\u021biale. Ce le-a r\u0103spuns primarul Capitalei<\/a><\/p>\n<p><a href=\"https:\/\/www.realitatea.net\/stiri\/actual\/nicusor-dan-propus-de-catre-onguri-si-politicieni-sa-candideze-la-alegerile-prezindentiale_675453783c7917056f3feea2\" target=\"_blank\">Mai multe ONG-uri \u0219i activi\u0219ti l-au propus pe Nicu\u0219or Dan<\/a> candidat la preziden\u021biale din partea partidelor pro-europene, conform unui\u00a0comunicat comun transmis pe data de 7 decembrie. Semnatarii ini\u021biativei s-au constituit \u00een Coali\u021bia Rom\u00e2nia European\u0103, care sus\u021bine candidatura primarului Capitalei.<\/p>\n<p><a href=\"https:\/\/www.realitatea.net\/stiri\/actual\/nicusor-dan-a-vorbit-despre-viitoarea-guvernare-ar-fi-sanatos-ca-un-partid-proeuropean-sa-ramana-in-opozitie_67548bbceb80e511e0105f7b\" target=\"_blank\">Nicu\u0219or Dan a vorbit despre viitoarea guvernare: \u201eAr fi s\u0103n\u0103tos ca un partid pro-european s\u0103 r\u0103m\u00e2n\u0103 \u00een opozi\u021bie\u201d<\/a><\/p>\n<p>\u00cen urm\u0103 cu o s\u0103pt\u0103m\u00e2n\u0103, primarul Capitalei, Nicu\u015for Dan, a declarat, despre propunerea venit\u0103 din partea mai multor asocia\u0163ii \u015fi personalit\u0103\u0163i s\u0103 candideze la alegerile preziden\u0163iale din 2025, c\u0103 analiza abia \u00eencepe \u00een momentul acesta \u015fi nu e la nivel de persoane, ci e la nivel de toate partidele pro-europene, el ar\u0103t\u00e2nd c\u0103 este o chestiune foarte serioas\u0103.<\/p>","protected":false},"excerpt":{"rendered":"<p>Potrivit surselor politice, candidatura lui Nicu\u0219or Dan nu a fost negociat\u0103 cu partidele pro-europene, USR,&hellip;<\/p>\n","protected":false},"author":0,"featured_media":16861,"comment_status":"open","ping_status":"open","sticky":false,"template":"","format":"standard","meta":{"footnotes":""},"categories":[2],"tags":[],"class_list":["post-16872","post","type-post","status-publish","format-standard","has-post-thumbnail","hentry","category-actual"],"_links":{"self":[{"href":"https:\/\/247stiri.ro\/index.php\/wp-json\/wp\/v2\/posts\/16872","targetHints":{"allow":["GET"]}}],"collection":[{"href":"https:\/\/247stiri.ro\/index.php\/wp-json\/wp\/v2\/posts"}],"about":[{"href":"https:\/\/247stiri.ro\/index.php\/wp-json\/wp\/v2\/types\/post"}],"replies":[{"embeddable":true,"href":"https:\/\/247stiri.ro\/index.php\/wp-json\/wp\/v2\/comments?post=16872"}],"version-history":[{"count":0,"href":"https:\/\/247stiri.ro\/index.php\/wp-json\/wp\/v2\/posts\/16872\/revisions"}],"wp:featuredmedia":[{"embeddable":true,"href":"https:\/\/247stiri.ro\/index.php\/wp-json\/wp\/v2\/media\/16861"}],"wp:attachment":[{"href":"https:\/\/247stiri.ro\/index.php\/wp-json\/wp\/v2\/media?parent=16872"}],"wp:term":[{"taxonomy":"category","embeddable":true,"href":"https:\/\/247stiri.ro\/index.php\/wp-json\/wp\/v2\/categories?post=16872"},{"taxonomy":"post_tag","embeddable":true,"href":"https:\/\/247stiri.ro\/index.php\/wp-json\/wp\/v2\/tags?post=16872"}],"curies":[{"name":"wp","href":"https:\/\/api.w.org\/{rel}","templated":true}]}}