{"id":16874,"date":"2024-12-16T10:45:51","date_gmt":"2024-12-16T10:45:51","guid":{"rendered":"https:\/\/247stiri.ro\/index.php\/2024\/12\/16\/modificare-majora-in-educatie-o-sa-apara-o-noua-materie-pentru-elevi\/"},"modified":"2024-12-16T10:45:51","modified_gmt":"2024-12-16T10:45:51","slug":"modificare-majora-in-educatie-o-sa-apara-o-noua-materie-pentru-elevi","status":"publish","type":"post","link":"https:\/\/247stiri.ro\/index.php\/2024\/12\/16\/modificare-majora-in-educatie-o-sa-apara-o-noua-materie-pentru-elevi\/","title":{"rendered":"Modificare major\u0103 \u00een educa\u021bie. O s\u0103 apar\u0103 o nou\u0103 materie pentru elevi"},"content":{"rendered":"<p>\u201eNostalgia dup\u0103 vremuri de trist\u0103 amintire are cauze complexe, \u00eens\u0103 una dintre cele mai importante dintre aceste cauze este necunoa\u015fterea faptelor istorice. Fenomenul este \u00eengrijor\u0103tor, cu at\u00e2t mai mult cu c\u00e2t pare s\u0103 fie \u00eenregistrat \u00een cadrul diferitelor categorii de v\u00e2rst\u0103, inclusiv \u00een r\u00e2ndul tinerilor care nu au tr\u0103it nici m\u0103car o zi \u00een regimul comunist, unii fiind n\u0103scu\u0163i chiar dup\u0103 aderarea Rom\u00e2niei la NATO sau la Uniunea European\u0103. (&#8230;) Aceasta este dedicat\u0103 elevilor din clasele a XII-a \u00eenv\u0103\u0163\u0103m\u00e2ntul de zi, respectiv a XIII-a \u00eenv\u0103\u0163\u0103m\u00e2ntul seral \u015fi cu frecven\u0163\u0103 redus\u0103. Cu alte cuvinte, to\u0163i elevii de liceu din Rom\u00e2nia vor parcurge aceast\u0103 disciplin\u0103. A\u015f ad\u0103uga c\u0103 to\u0163i elevii vor parcurge aceast\u0103 disciplin\u0103 chiar atunci c\u00e2nd se apropie de primul lor vot democratic, c\u00e2nd se apropie de v\u00e2rsta la care devii matur \u015fi \u00eencepi s\u0103 devii cet\u0103\u0163ean activ, inclusiv prin gestul democratic de a vota&#8221;, a afirmat Deca la Facultatea de Litere a Universit\u0103\u0163ii din Bucure\u015fti, la evenimentul &#8217;35 de ani de la Revolu\u0163ia Rom\u00e2n\u0103 din 1989: Aprobarea programei \u015fcolare pentru disciplina &#8216;Istoria comunismului din Rom\u00e2nia&#8221;, informeaz\u0103 Agerpres.<\/p>","protected":false},"excerpt":{"rendered":"<p>\u201eNostalgia dup\u0103 vremuri de trist\u0103 amintire are cauze complexe, \u00eens\u0103 una dintre cele mai importante&hellip;<\/p>\n","protected":false},"author":0,"featured_media":16875,"comment_status":"open","ping_status":"open","sticky":false,"template":"","format":"standard","meta":{"footnotes":""},"categories":[2],"tags":[],"class_list":["post-16874","post","type-post","status-publish","format-standard","has-post-thumbnail","hentry","category-actual"],"_links":{"self":[{"href":"https:\/\/247stiri.ro\/index.php\/wp-json\/wp\/v2\/posts\/16874","targetHints":{"allow":["GET"]}}],"collection":[{"href":"https:\/\/247stiri.ro\/index.php\/wp-json\/wp\/v2\/posts"}],"about":[{"href":"https:\/\/247stiri.ro\/index.php\/wp-json\/wp\/v2\/types\/post"}],"replies":[{"embeddable":true,"href":"https:\/\/247stiri.ro\/index.php\/wp-json\/wp\/v2\/comments?post=16874"}],"version-history":[{"count":0,"href":"https:\/\/247stiri.ro\/index.php\/wp-json\/wp\/v2\/posts\/16874\/revisions"}],"wp:featuredmedia":[{"embeddable":true,"href":"https:\/\/247stiri.ro\/index.php\/wp-json\/wp\/v2\/media\/16875"}],"wp:attachment":[{"href":"https:\/\/247stiri.ro\/index.php\/wp-json\/wp\/v2\/media?parent=16874"}],"wp:term":[{"taxonomy":"category","embeddable":true,"href":"https:\/\/247stiri.ro\/index.php\/wp-json\/wp\/v2\/categories?post=16874"},{"taxonomy":"post_tag","embeddable":true,"href":"https:\/\/247stiri.ro\/index.php\/wp-json\/wp\/v2\/tags?post=16874"}],"curies":[{"name":"wp","href":"https:\/\/api.w.org\/{rel}","templated":true}]}}