{"id":16880,"date":"2024-12-16T11:46:44","date_gmt":"2024-12-16T11:46:44","guid":{"rendered":"https:\/\/247stiri.ro\/index.php\/2024\/12\/16\/au-aparut-tensiunile-intre-partidele-pro-europene-sedinte-paralele-inainte-de-impartirea-ministerelor\/"},"modified":"2024-12-16T11:46:44","modified_gmt":"2024-12-16T11:46:44","slug":"au-aparut-tensiunile-intre-partidele-pro-europene-sedinte-paralele-inainte-de-impartirea-ministerelor","status":"publish","type":"post","link":"https:\/\/247stiri.ro\/index.php\/2024\/12\/16\/au-aparut-tensiunile-intre-partidele-pro-europene-sedinte-paralele-inainte-de-impartirea-ministerelor\/","title":{"rendered":"Au ap\u0103rut tensiunile \u00eentre partidele pro-europene. \u0218edin\u021be paralele \u00eenainte de \u00eemp\u0103r\u021birea ministerelor"},"content":{"rendered":"<p>Ast\u0103zi, la ora 15:30, Uniunea Salva\u021bi Rom\u00e2nia (USR) are programat\u0103 o \u0219edin\u021b\u0103 \u00een care liderii partidului trebuie s\u0103 decid\u0103 dac\u0103 vor participa la discu\u021biile programate pentru ora 18:00 la Palatul Victoria. Aceast\u0103 \u00eent\u00e2lnire de la Guvern are ca principal scop \u00eemp\u0103r\u021birea ministerelor \u00eentre forma\u021biunile care vor forma noul Executiv.<\/p>\n<p>Potrivit surselor politice, decizia USR va fi determinant\u0103 pentru viitorul coali\u021biei. Dac\u0103 partidul decide s\u0103 nu participe la discu\u021biile de la Guvern, acest lucru ar echivala practic cu refuzul de a face parte din noua structur\u0103 guvernamental\u0103. Tensiunile interne \u0219i nemul\u021bumirile legate de situa\u021bia economic\u0103 a \u021b\u0103rii ar putea \u00eempinge partidul c\u0103tre o pozi\u021bie de opozi\u021bie.<\/p>\n<p>La ora 18:00, liderii partidelor pro-europene se vor \u00eent\u00e2lni la Palatul Victoria pentru a finaliza negocierile \u0219i a stabili \u00eemp\u0103r\u021birea ministerelor. \u00cen absen\u021ba USR, discu\u021biile ar putea s\u0103 fie mai pu\u021bin complicate, dar \u0219i mai riscante pentru stabilitatea viitoarei coali\u021bii.<\/p>\n<p>\u00a0<\/p>","protected":false},"excerpt":{"rendered":"<p>Ast\u0103zi, la ora 15:30, Uniunea Salva\u021bi Rom\u00e2nia (USR) are programat\u0103 o \u0219edin\u021b\u0103 \u00een care liderii&hellip;<\/p>\n","protected":false},"author":0,"featured_media":16881,"comment_status":"open","ping_status":"open","sticky":false,"template":"","format":"standard","meta":{"footnotes":""},"categories":[2],"tags":[],"class_list":["post-16880","post","type-post","status-publish","format-standard","has-post-thumbnail","hentry","category-actual"],"_links":{"self":[{"href":"https:\/\/247stiri.ro\/index.php\/wp-json\/wp\/v2\/posts\/16880","targetHints":{"allow":["GET"]}}],"collection":[{"href":"https:\/\/247stiri.ro\/index.php\/wp-json\/wp\/v2\/posts"}],"about":[{"href":"https:\/\/247stiri.ro\/index.php\/wp-json\/wp\/v2\/types\/post"}],"replies":[{"embeddable":true,"href":"https:\/\/247stiri.ro\/index.php\/wp-json\/wp\/v2\/comments?post=16880"}],"version-history":[{"count":0,"href":"https:\/\/247stiri.ro\/index.php\/wp-json\/wp\/v2\/posts\/16880\/revisions"}],"wp:featuredmedia":[{"embeddable":true,"href":"https:\/\/247stiri.ro\/index.php\/wp-json\/wp\/v2\/media\/16881"}],"wp:attachment":[{"href":"https:\/\/247stiri.ro\/index.php\/wp-json\/wp\/v2\/media?parent=16880"}],"wp:term":[{"taxonomy":"category","embeddable":true,"href":"https:\/\/247stiri.ro\/index.php\/wp-json\/wp\/v2\/categories?post=16880"},{"taxonomy":"post_tag","embeddable":true,"href":"https:\/\/247stiri.ro\/index.php\/wp-json\/wp\/v2\/tags?post=16880"}],"curies":[{"name":"wp","href":"https:\/\/api.w.org\/{rel}","templated":true}]}}