{"id":16882,"date":"2024-12-16T11:46:45","date_gmt":"2024-12-16T11:46:45","guid":{"rendered":"https:\/\/247stiri.ro\/index.php\/2024\/12\/16\/un-subofiter-spp-s-a-sinucis-cu-arma-din-dotare-avea-32-de-ani-si-trecuse-evaluarea-psihologica\/"},"modified":"2024-12-16T11:46:45","modified_gmt":"2024-12-16T11:46:45","slug":"un-subofiter-spp-s-a-sinucis-cu-arma-din-dotare-avea-32-de-ani-si-trecuse-evaluarea-psihologica","status":"publish","type":"post","link":"https:\/\/247stiri.ro\/index.php\/2024\/12\/16\/un-subofiter-spp-s-a-sinucis-cu-arma-din-dotare-avea-32-de-ani-si-trecuse-evaluarea-psihologica\/","title":{"rendered":"Un subofi\u021ber SPP s-a sinucis cu arma din dotare. Avea 32 de ani \u0219i trecuse evaluarea psihologic\u0103"},"content":{"rendered":"<p>\u201d\u00cen aceast\u0103 diminea\u0163\u0103, un subofi\u0163er al SPP s-a sinucis cu arma din dotare. Incidentul s-a produs \u00eenainte de a ie\u015fi din tur\u0103, \u00eentr-o \u00eenc\u0103pere izolat\u0103, aflat\u0103 \u00een parcarea institu\u0163iei\u201d, a transmis SPP.<\/p>\n<p>Potrivit sursei citate, militarul a trecut toate evalu\u0103rile profesionale anuale, inclusiv cele psihologice \u00een urm\u0103 cu o lun\u0103.<\/p>\n<p>Subofi\u0163erul era angajat la departamentul Transport \u015fi a intrat \u00een serviciu \u00een urm\u0103 cu 6 ani.<\/p>\n<p>\u201dCercet\u0103rile \u00een acest caz au fost preluate de procurorii militari ai Parchetului Militar de pe l\u00e2ng\u0103 Curtea Militar\u0103 de Apel\u201d, a transmis SPP.<\/p>","protected":false},"excerpt":{"rendered":"<p>\u201d\u00cen aceast\u0103 diminea\u0163\u0103, un subofi\u0163er al SPP s-a sinucis cu arma din dotare. Incidentul s-a&hellip;<\/p>\n","protected":false},"author":0,"featured_media":16883,"comment_status":"open","ping_status":"open","sticky":false,"template":"","format":"standard","meta":{"footnotes":""},"categories":[2],"tags":[],"class_list":["post-16882","post","type-post","status-publish","format-standard","has-post-thumbnail","hentry","category-actual"],"_links":{"self":[{"href":"https:\/\/247stiri.ro\/index.php\/wp-json\/wp\/v2\/posts\/16882","targetHints":{"allow":["GET"]}}],"collection":[{"href":"https:\/\/247stiri.ro\/index.php\/wp-json\/wp\/v2\/posts"}],"about":[{"href":"https:\/\/247stiri.ro\/index.php\/wp-json\/wp\/v2\/types\/post"}],"replies":[{"embeddable":true,"href":"https:\/\/247stiri.ro\/index.php\/wp-json\/wp\/v2\/comments?post=16882"}],"version-history":[{"count":0,"href":"https:\/\/247stiri.ro\/index.php\/wp-json\/wp\/v2\/posts\/16882\/revisions"}],"wp:featuredmedia":[{"embeddable":true,"href":"https:\/\/247stiri.ro\/index.php\/wp-json\/wp\/v2\/media\/16883"}],"wp:attachment":[{"href":"https:\/\/247stiri.ro\/index.php\/wp-json\/wp\/v2\/media?parent=16882"}],"wp:term":[{"taxonomy":"category","embeddable":true,"href":"https:\/\/247stiri.ro\/index.php\/wp-json\/wp\/v2\/categories?post=16882"},{"taxonomy":"post_tag","embeddable":true,"href":"https:\/\/247stiri.ro\/index.php\/wp-json\/wp\/v2\/tags?post=16882"}],"curies":[{"name":"wp","href":"https:\/\/api.w.org\/{rel}","templated":true}]}}