{"id":16884,"date":"2024-12-16T11:46:45","date_gmt":"2024-12-16T11:46:45","guid":{"rendered":"https:\/\/247stiri.ro\/index.php\/2024\/12\/16\/cum-arata-harta-saraciei-in-romania-unde-se-traieste-aproape-ca-n-vest-si-in-ce-regiune-e-lumea-a-treia\/"},"modified":"2024-12-16T11:46:45","modified_gmt":"2024-12-16T11:46:45","slug":"cum-arata-harta-saraciei-in-romania-unde-se-traieste-aproape-ca-n-vest-si-in-ce-regiune-e-lumea-a-treia","status":"publish","type":"post","link":"https:\/\/247stiri.ro\/index.php\/2024\/12\/16\/cum-arata-harta-saraciei-in-romania-unde-se-traieste-aproape-ca-n-vest-si-in-ce-regiune-e-lumea-a-treia\/","title":{"rendered":"Cum arat\u0103 harta s\u0103r\u0103ciei \u00een Rom\u00e2nia. Unde se tr\u0103ie\u0219te aproape ca-n Vest \u0219i \u00een ce regiune e \u201eLumea a Treia\u201d"},"content":{"rendered":"<p>\u00a0<\/p>\n\n<p>Regiunea Bucure\u0219ti-Ilfov a \u00eenregistrat o reducere semnificativ\u0103 a ratei de risc de s\u0103r\u0103cie, de la 34% \u00een 2008 la 12,3% \u00een 2023, datorit\u0103 dezvolt\u0103rii accelerate \u0219i statutului s\u0103u economic special \u0219i este zona cu cel mai ridicat nivel de trai.<\/p>\n\n<p>\u00cen schimb, regiunile Nord-Est \u0219i Sud-Est r\u0103m\u00e2n cele mai afectate. \u00cen Nord-Est, rata s\u0103r\u0103ciei a sc\u0103zut substan\u021bial, de la 55,5% la 38,7%, \u00een timp ce \u00een Sud-Est, progresul a fost minim, de la 46,7% la 45,3%.Regiunile Sud-Vest Oltenia, Nord-Vest, Centru \u0219i Sud-Muntenia au \u00eenregistrat progrese \u00een reducerea s\u0103r\u0103ciei \u00eentre 2008 \u0219i 2023. Sud-Vest Oltenia a sc\u0103zut de la 56,6% la 40,5%, dar a r\u0103mas una dintre cele mai afectate zone.<\/p>\n\n<p>Nord-Vestul (24,7% \u00een 2023) \u0219i Centrul (31,9% \u00een 2023) au avut sc\u0103deri considerabile, sus\u021binute de o economie diversificat\u0103 \u0219i integrare european\u0103. Sud-Muntenia a redus rata s\u0103r\u0103ciei la 32,9%, dar \u00eentr-un ritm mai lent dec\u00e2t alte regiuni.<\/p>\n\n<p>Rom\u00e2nia a \u00eenregistrat \u00een 2023 o rat\u0103 de risc de s\u0103r\u0103cie de 32%, la o medie european\u0103 de 21%.<\/p>","protected":false},"excerpt":{"rendered":"<p>\u00a0 Regiunea Bucure\u0219ti-Ilfov a \u00eenregistrat o reducere semnificativ\u0103 a ratei de risc de s\u0103r\u0103cie, de&hellip;<\/p>\n","protected":false},"author":0,"featured_media":16885,"comment_status":"open","ping_status":"open","sticky":false,"template":"","format":"standard","meta":{"footnotes":""},"categories":[2],"tags":[],"class_list":["post-16884","post","type-post","status-publish","format-standard","has-post-thumbnail","hentry","category-actual"],"_links":{"self":[{"href":"https:\/\/247stiri.ro\/index.php\/wp-json\/wp\/v2\/posts\/16884","targetHints":{"allow":["GET"]}}],"collection":[{"href":"https:\/\/247stiri.ro\/index.php\/wp-json\/wp\/v2\/posts"}],"about":[{"href":"https:\/\/247stiri.ro\/index.php\/wp-json\/wp\/v2\/types\/post"}],"replies":[{"embeddable":true,"href":"https:\/\/247stiri.ro\/index.php\/wp-json\/wp\/v2\/comments?post=16884"}],"version-history":[{"count":0,"href":"https:\/\/247stiri.ro\/index.php\/wp-json\/wp\/v2\/posts\/16884\/revisions"}],"wp:featuredmedia":[{"embeddable":true,"href":"https:\/\/247stiri.ro\/index.php\/wp-json\/wp\/v2\/media\/16885"}],"wp:attachment":[{"href":"https:\/\/247stiri.ro\/index.php\/wp-json\/wp\/v2\/media?parent=16884"}],"wp:term":[{"taxonomy":"category","embeddable":true,"href":"https:\/\/247stiri.ro\/index.php\/wp-json\/wp\/v2\/categories?post=16884"},{"taxonomy":"post_tag","embeddable":true,"href":"https:\/\/247stiri.ro\/index.php\/wp-json\/wp\/v2\/tags?post=16884"}],"curies":[{"name":"wp","href":"https:\/\/api.w.org\/{rel}","templated":true}]}}