{"id":16930,"date":"2024-12-16T13:44:49","date_gmt":"2024-12-16T13:44:49","guid":{"rendered":"https:\/\/247stiri.ro\/index.php\/2024\/12\/16\/in-sectorul-4-vor-aparea-containerele-de-selectare-a-deseurilor-textile\/"},"modified":"2024-12-16T13:44:49","modified_gmt":"2024-12-16T13:44:49","slug":"in-sectorul-4-vor-aparea-containerele-de-selectare-a-deseurilor-textile","status":"publish","type":"post","link":"https:\/\/247stiri.ro\/index.php\/2024\/12\/16\/in-sectorul-4-vor-aparea-containerele-de-selectare-a-deseurilor-textile\/","title":{"rendered":"\u00cen Sectorul 4 vor ap\u0103rea containerele de selectare a de\u0219eurilor textile"},"content":{"rendered":"<p class=\"Standard\">Av\u00e2nd \u00een vedere c\u0103 p\u00e2n\u0103 la \u00eenceputul anului 2025 este obligatorie colectarea separat\u0103 a de\u0219eurilor din textile (inclusiv din \u00eembr\u0103c\u0103minte \u0219i \u00eenc\u0103l\u021b\u0103minte) de la generatorii de de\u0219euri, dar \u0219i \u021bin\u00e2nd seama c\u0103 atingerea obiectivelor de valorificare \u0219i reciclare a de\u0219eurilor de \u00eembr\u0103c\u0103minte de la popula\u021bie nu se poate realiza dec\u00e2t prin crearea \u0219i dezvoltarea unui sistem integrat de colectare selectiv\u0103, s-a decis \u00eencheierea protocolului cu un prestator \u0219i cu un operator.<\/p>\n<p class=\"Standard\">\n<\/p><p class=\"Standard\">Containerele urmeaz\u0103 s\u0103 fie amplasate \u00een diverse locuri potrivite din Sectorul 4, de c\u0103tre cei de la Totul Verde, urm\u00e2nd ca beneficiarul\/operatorul s\u0103 informeze prestatorul \u00een cazul supra\u00eenc\u0103rc\u0103rii containereleor, precum \u0219i la orice \u00eencercare neautorizat\u0103 de deschidere a containerului.<\/p>\n<p class=\"Standard\">Programul de ridicare a de\u0219eurilor urmeaz\u0103 s\u0103 fie stabilit de c\u0103tre executant \u00eempreun\u0103 cu operatorul!<\/p>\n<p class=\"Standard\">Actualul contract are o valabilitate de 1 an, cu posibilitatea de a fi prelungit automat, dac\u0103 nu exist\u0103 o altfel de notificare \u00een acest sens.<\/p>","protected":false},"excerpt":{"rendered":"<p>Av\u00e2nd \u00een vedere c\u0103 p\u00e2n\u0103 la \u00eenceputul anului 2025 este obligatorie colectarea separat\u0103 a de\u0219eurilor&hellip;<\/p>\n","protected":false},"author":0,"featured_media":16931,"comment_status":"open","ping_status":"open","sticky":false,"template":"","format":"standard","meta":{"footnotes":""},"categories":[2],"tags":[],"class_list":["post-16930","post","type-post","status-publish","format-standard","has-post-thumbnail","hentry","category-actual"],"_links":{"self":[{"href":"https:\/\/247stiri.ro\/index.php\/wp-json\/wp\/v2\/posts\/16930","targetHints":{"allow":["GET"]}}],"collection":[{"href":"https:\/\/247stiri.ro\/index.php\/wp-json\/wp\/v2\/posts"}],"about":[{"href":"https:\/\/247stiri.ro\/index.php\/wp-json\/wp\/v2\/types\/post"}],"replies":[{"embeddable":true,"href":"https:\/\/247stiri.ro\/index.php\/wp-json\/wp\/v2\/comments?post=16930"}],"version-history":[{"count":0,"href":"https:\/\/247stiri.ro\/index.php\/wp-json\/wp\/v2\/posts\/16930\/revisions"}],"wp:featuredmedia":[{"embeddable":true,"href":"https:\/\/247stiri.ro\/index.php\/wp-json\/wp\/v2\/media\/16931"}],"wp:attachment":[{"href":"https:\/\/247stiri.ro\/index.php\/wp-json\/wp\/v2\/media?parent=16930"}],"wp:term":[{"taxonomy":"category","embeddable":true,"href":"https:\/\/247stiri.ro\/index.php\/wp-json\/wp\/v2\/categories?post=16930"},{"taxonomy":"post_tag","embeddable":true,"href":"https:\/\/247stiri.ro\/index.php\/wp-json\/wp\/v2\/tags?post=16930"}],"curies":[{"name":"wp","href":"https:\/\/api.w.org\/{rel}","templated":true}]}}