{"id":16945,"date":"2024-12-16T14:44:48","date_gmt":"2024-12-16T14:44:48","guid":{"rendered":"https:\/\/247stiri.ro\/index.php\/2024\/12\/16\/seful-mercenarilor-horatiu-potra-dupa-7-ore-la-perchezitii-nu-am-purtat-nicio-discutie-cu-calin-georgescu\/"},"modified":"2024-12-16T14:44:48","modified_gmt":"2024-12-16T14:44:48","slug":"seful-mercenarilor-horatiu-potra-dupa-7-ore-la-perchezitii-nu-am-purtat-nicio-discutie-cu-calin-georgescu","status":"publish","type":"post","link":"https:\/\/247stiri.ro\/index.php\/2024\/12\/16\/seful-mercenarilor-horatiu-potra-dupa-7-ore-la-perchezitii-nu-am-purtat-nicio-discutie-cu-calin-georgescu\/","title":{"rendered":"\u0218eful mercenarilor, Hora\u021biu Potra, dup\u0103 7 ore la perchezi\u021bii: \u201eNu am purtat nicio discu\u021bie cu C\u0103lin Georgescu\u201d"},"content":{"rendered":"<p>\u201eNu am purtat nicio discu\u021bie cu domnul Georgescu, am purtat cu securitatea domnului Georgescu\u201d, a spus Hora\u021biu Potra.<\/p>\n<p>\u00centrebat de ce se afl\u0103 \u00een centrul acestei anchete \u0219i dac\u0103 se \u00eent\u00e2mpl\u0103 asta pentru asociarea cu\u00a0 Georgescu, acesta a r\u0103spuns: \u201eNu \u0219tiu, probabil\u201d.<\/p>\n<p>Referitor la revolta pe care ar fi pus-o la cale \u00een drum spre spre Bucure\u0219ti, Potra a spus: Doamne Fere\u0219te\u201d \u0219i a motivat deplasarea prin faptul c\u0103 avea o convocare la Parchetul Militar.<\/p>\n<p>Acesta a fost \u00eentrebat de jurnali\u0219ti dac\u0103 \u0219tie cine este persoan\u0103 care ar fi sunat \u0219i ar fi reclamat c\u0103 preg\u0103te\u0219te un prostest violent. \u201eProbabil cineva din SRI\u201d, a spus Hora\u021biu Potra.<\/p>","protected":false},"excerpt":{"rendered":"<p>\u201eNu am purtat nicio discu\u021bie cu domnul Georgescu, am purtat cu securitatea domnului Georgescu\u201d, a&hellip;<\/p>\n","protected":false},"author":0,"featured_media":16946,"comment_status":"open","ping_status":"open","sticky":false,"template":"","format":"standard","meta":{"footnotes":""},"categories":[2],"tags":[],"class_list":["post-16945","post","type-post","status-publish","format-standard","has-post-thumbnail","hentry","category-actual"],"_links":{"self":[{"href":"https:\/\/247stiri.ro\/index.php\/wp-json\/wp\/v2\/posts\/16945","targetHints":{"allow":["GET"]}}],"collection":[{"href":"https:\/\/247stiri.ro\/index.php\/wp-json\/wp\/v2\/posts"}],"about":[{"href":"https:\/\/247stiri.ro\/index.php\/wp-json\/wp\/v2\/types\/post"}],"replies":[{"embeddable":true,"href":"https:\/\/247stiri.ro\/index.php\/wp-json\/wp\/v2\/comments?post=16945"}],"version-history":[{"count":0,"href":"https:\/\/247stiri.ro\/index.php\/wp-json\/wp\/v2\/posts\/16945\/revisions"}],"wp:featuredmedia":[{"embeddable":true,"href":"https:\/\/247stiri.ro\/index.php\/wp-json\/wp\/v2\/media\/16946"}],"wp:attachment":[{"href":"https:\/\/247stiri.ro\/index.php\/wp-json\/wp\/v2\/media?parent=16945"}],"wp:term":[{"taxonomy":"category","embeddable":true,"href":"https:\/\/247stiri.ro\/index.php\/wp-json\/wp\/v2\/categories?post=16945"},{"taxonomy":"post_tag","embeddable":true,"href":"https:\/\/247stiri.ro\/index.php\/wp-json\/wp\/v2\/tags?post=16945"}],"curies":[{"name":"wp","href":"https:\/\/api.w.org\/{rel}","templated":true}]}}