{"id":16947,"date":"2024-12-16T14:44:49","date_gmt":"2024-12-16T14:44:49","guid":{"rendered":"https:\/\/247stiri.ro\/index.php\/2024\/12\/16\/sase-turisti-intre-care-si-doi-copii-au-ramas-inzapeziti-in-masivul-cozia-doar-interventia-jandarmilor-i-a-salvat-de-la-inghet\/"},"modified":"2024-12-16T14:44:49","modified_gmt":"2024-12-16T14:44:49","slug":"sase-turisti-intre-care-si-doi-copii-au-ramas-inzapeziti-in-masivul-cozia-doar-interventia-jandarmilor-i-a-salvat-de-la-inghet","status":"publish","type":"post","link":"https:\/\/247stiri.ro\/index.php\/2024\/12\/16\/sase-turisti-intre-care-si-doi-copii-au-ramas-inzapeziti-in-masivul-cozia-doar-interventia-jandarmilor-i-a-salvat-de-la-inghet\/","title":{"rendered":"\u015ease turi\u015fti, \u00eentre care \u015fi doi copii, au r\u0103mas \u00eenz\u0103pezi\u0163i \u00een Masivul Cozia. Doar interven\u021bia jandarmilor i-a salvat de la \u00eenghe\u021b"},"content":{"rendered":"<p>Potrivit reprezentan\u0163ilor Inspectoratului de Jandarmi Jude\u0163ean (IJJ) V\u00e2lcea, incidentul a avut loc duminic\u0103 \u00een jurul pr\u00e2nzului, cele dou\u0103 autoturisme fiind descoperite \u00eent\u00e2mpl\u0103tor de o patrul\u0103 de la Postul de Jandarmi C\u0103lim\u0103ne\u015fti, care se afla \u00een misiune \u00een zon\u0103.&#8221;Persoanele erau blocate de aproximativ 30 de minute \u015fi, de\u015fi situa\u0163ia era una dificil\u0103 din cauza z\u0103pezii abundente, jandarmii au reu\u015fit s\u0103 le ofere sprijinul necesar pentru a debloca vehiculele \u015fi a le permite s\u0103 \u00ee\u015fi continue drumul. Din fericire, nu a fost nevoie de \u00eengrijiri medicale&#8221;, a transmis purt\u0103torul de cuv\u00e2nt al IJJ V\u00e2lcea, George Tac\u0103le,Reprezentantul IJJ V\u00e2lcea a precizat c\u0103 \u00een zon\u0103 stratul de z\u0103pad\u0103 m\u0103soar\u0103 aproape 50 de centimetri, iar ma\u015finile turi\u015ftilor nu erau echipate cu lan\u0163uri.Pentru a evita astfel de situa\u0163ii, jandarmii montani recomand\u0103 turi\u015ftilor care vor s\u0103 ajung\u0103 cu autoturismele \u00een zona montan\u0103 din V\u00e2lcea s\u0103 se informeze \u00eentotdeauna despre starea vremii \u015fi despre traseul pe care inten\u0163ioneaz\u0103 s\u0103-l parcurg\u0103 \u00eenainte de a pleca la drum.\u00a0<\/p>\n<p><a title=\"Accident grav intr-o localitate din Galati. Unul dintre raniti a fost dus cu elicopterul SMURD la spital\" href=\"https:\/\/www.realitatea.net\/stiri\/actual\/accident-grav-intro-localitate-din-galati-unul-dintre-raniti-a-fost-dus-cu-elicopterul-smurd-la-spital_67602b2b30aaad7d8b1ae7f2\">Accident grav \u00eentr-o localitate din Gala\u021bi. Unul dintre r\u0103ni\u021bi a fost dus cu elicopterul SMURD la spital<\/a><\/p>","protected":false},"excerpt":{"rendered":"<p>Potrivit reprezentan\u0163ilor Inspectoratului de Jandarmi Jude\u0163ean (IJJ) V\u00e2lcea, incidentul a avut loc duminic\u0103 \u00een jurul&hellip;<\/p>\n","protected":false},"author":0,"featured_media":16948,"comment_status":"open","ping_status":"open","sticky":false,"template":"","format":"standard","meta":{"footnotes":""},"categories":[2],"tags":[],"class_list":["post-16947","post","type-post","status-publish","format-standard","has-post-thumbnail","hentry","category-actual"],"_links":{"self":[{"href":"https:\/\/247stiri.ro\/index.php\/wp-json\/wp\/v2\/posts\/16947","targetHints":{"allow":["GET"]}}],"collection":[{"href":"https:\/\/247stiri.ro\/index.php\/wp-json\/wp\/v2\/posts"}],"about":[{"href":"https:\/\/247stiri.ro\/index.php\/wp-json\/wp\/v2\/types\/post"}],"replies":[{"embeddable":true,"href":"https:\/\/247stiri.ro\/index.php\/wp-json\/wp\/v2\/comments?post=16947"}],"version-history":[{"count":0,"href":"https:\/\/247stiri.ro\/index.php\/wp-json\/wp\/v2\/posts\/16947\/revisions"}],"wp:featuredmedia":[{"embeddable":true,"href":"https:\/\/247stiri.ro\/index.php\/wp-json\/wp\/v2\/media\/16948"}],"wp:attachment":[{"href":"https:\/\/247stiri.ro\/index.php\/wp-json\/wp\/v2\/media?parent=16947"}],"wp:term":[{"taxonomy":"category","embeddable":true,"href":"https:\/\/247stiri.ro\/index.php\/wp-json\/wp\/v2\/categories?post=16947"},{"taxonomy":"post_tag","embeddable":true,"href":"https:\/\/247stiri.ro\/index.php\/wp-json\/wp\/v2\/tags?post=16947"}],"curies":[{"name":"wp","href":"https:\/\/api.w.org\/{rel}","templated":true}]}}