{"id":16955,"date":"2024-12-16T14:44:50","date_gmt":"2024-12-16T14:44:50","guid":{"rendered":"https:\/\/247stiri.ro\/index.php\/2024\/12\/16\/nicusor-dan-anunta-daca-va-candida-sau-nu-la-alegerile-prezidentiale-conferinta-de-presa-la-ora-18-00\/"},"modified":"2024-12-16T14:44:50","modified_gmt":"2024-12-16T14:44:50","slug":"nicusor-dan-anunta-daca-va-candida-sau-nu-la-alegerile-prezidentiale-conferinta-de-presa-la-ora-18-00","status":"publish","type":"post","link":"https:\/\/247stiri.ro\/index.php\/2024\/12\/16\/nicusor-dan-anunta-daca-va-candida-sau-nu-la-alegerile-prezidentiale-conferinta-de-presa-la-ora-18-00\/","title":{"rendered":"Nicu\u0219or Dan anun\u021b\u0103 dac\u0103 va candida sau nu la alegerile preziden\u021biale. Conferin\u021b\u0103 de pres\u0103 la ora 18.00"},"content":{"rendered":"<p>Dac\u0103 aceste informa\u021bii se confirm\u0103, Nicu\u0219or Dan va candida ca independent, o decizie ce nu a fost negociat\u0103 cu niciunul dintre partidele politice de orientare pro-european\u0103, precum USR, PNL, PSD sau UDMR.\u00a0<\/p>\n<p><a href=\"https:\/\/www.realitatea.net\/stiri\/actual\/nicusor-dan-candidat-independent-la-alegerile-prezidentiale_675ffbf4fe8bfe23f34d9083\" target=\"_blank\">Nicu\u0219or Dan, candidat independent la alegerile preziden\u021biale<\/a><\/p>","protected":false},"excerpt":{"rendered":"<p>Dac\u0103 aceste informa\u021bii se confirm\u0103, Nicu\u0219or Dan va candida ca independent, o decizie ce nu&hellip;<\/p>\n","protected":false},"author":0,"featured_media":16942,"comment_status":"open","ping_status":"open","sticky":false,"template":"","format":"standard","meta":{"footnotes":""},"categories":[2],"tags":[],"class_list":["post-16955","post","type-post","status-publish","format-standard","has-post-thumbnail","hentry","category-actual"],"_links":{"self":[{"href":"https:\/\/247stiri.ro\/index.php\/wp-json\/wp\/v2\/posts\/16955","targetHints":{"allow":["GET"]}}],"collection":[{"href":"https:\/\/247stiri.ro\/index.php\/wp-json\/wp\/v2\/posts"}],"about":[{"href":"https:\/\/247stiri.ro\/index.php\/wp-json\/wp\/v2\/types\/post"}],"replies":[{"embeddable":true,"href":"https:\/\/247stiri.ro\/index.php\/wp-json\/wp\/v2\/comments?post=16955"}],"version-history":[{"count":0,"href":"https:\/\/247stiri.ro\/index.php\/wp-json\/wp\/v2\/posts\/16955\/revisions"}],"wp:featuredmedia":[{"embeddable":true,"href":"https:\/\/247stiri.ro\/index.php\/wp-json\/wp\/v2\/media\/16942"}],"wp:attachment":[{"href":"https:\/\/247stiri.ro\/index.php\/wp-json\/wp\/v2\/media?parent=16955"}],"wp:term":[{"taxonomy":"category","embeddable":true,"href":"https:\/\/247stiri.ro\/index.php\/wp-json\/wp\/v2\/categories?post=16955"},{"taxonomy":"post_tag","embeddable":true,"href":"https:\/\/247stiri.ro\/index.php\/wp-json\/wp\/v2\/tags?post=16955"}],"curies":[{"name":"wp","href":"https:\/\/api.w.org\/{rel}","templated":true}]}}