{"id":16968,"date":"2024-12-16T15:44:46","date_gmt":"2024-12-16T15:44:46","guid":{"rendered":"https:\/\/247stiri.ro\/index.php\/2024\/12\/16\/decizie-radicala-orasul-din-romania-care-a-interzis-accesul-motocicletelor-si-atv-urilor\/"},"modified":"2024-12-16T15:44:46","modified_gmt":"2024-12-16T15:44:46","slug":"decizie-radicala-orasul-din-romania-care-a-interzis-accesul-motocicletelor-si-atv-urilor","status":"publish","type":"post","link":"https:\/\/247stiri.ro\/index.php\/2024\/12\/16\/decizie-radicala-orasul-din-romania-care-a-interzis-accesul-motocicletelor-si-atv-urilor\/","title":{"rendered":"Decizie RADICAL\u0102. Ora\u0219ul din Rom\u00e2nia care a interzis accesul motocicletelor \u0219i ATV-urilor"},"content":{"rendered":"<p>\u00cen prima lun\u0103 a anului 2024, Consiliul Local Giurgiu a decis restric\u021bionarea circula\u021biei\u00a0motocicletelor\u00a0\u0219i ATV-urilor pe mai multe str\u0103zi din ora\u0219.<\/p>\n<p>\u00a0<\/p>\n<p>Restric\u021bia este doar pe timpul nop\u021bii \u0219i are ca scop reducerea polu\u0103rii fonice.<\/p>\n<p>Motocicletele \u0219i ATV-urile, interzise pe Bulevardul Bucure\u0219ti<\/p>\n<p>Consiliul Local Giurgiu a decis s\u0103 interzic\u0103 motocicletele \u0219i ATV-urile pe timpul nop\u021bii pe Bulevardul\u00a0Bucure\u0219ti, Bulevardul Mihai Viteazul, Strada Mircea cel B\u0103tr\u00e2n \u0219i Strada Mare\u0219al Foch, \u00eentre orele 22:00 \u0219i 06:00.<\/p>\n<p>\u00a0<\/p>\n<p>De\u0219i m\u0103sura a fost intens dezb\u0103tut\u0103 \u0219i criticat\u0103, a ap\u0103rut \u0219i primul indicator care semnaleaz\u0103 interdic\u021bia, scrie\u00a0<a href=\"https:\/\/jurnalgiurgiuvean.ro\/primul-pas-al-controversatei-interdictii-pentru-motociclete-si-atv-uri-in-giurgiu-indicatorul-care-ridica-intrebari\/\" target=\"_blank\">jurnalgiurgiuvean.ro<\/a>.<\/p>\n<p>Sursa foto: jurnalgiurgiuvean.ro<\/p>\n<p>Proiectul a fost considerat de mul\u021bi cet\u0103\u021beni ca fiind discriminatoriu \u0219i incomplet.<\/p>\n<p>Principalele probleme indicate sunt:<\/p>\n<p>Excluderea riveranilor:Locuitorii din zonele afectate, care folosesc motocicleta sau scuterul ca principal mijloc de transport, nu au fost excepta\u021bi de la interdic\u021bie.Lipsa uniformit\u0103\u021bii:\u00cen alte cartiere din ora\u0219 nu exist\u0103 o astfel de restric\u021bie, ceea ce ridic\u0103 \u00eentreb\u0103ri despre coeren\u021ba \u0219i eficien\u021ba m\u0103surii.Consultare public\u0103 inexistent\u0103:Nu s-au purtat discu\u021bii cu posesorii de\u00a0motociclete\u00a0\u0219i scutere, de\u0219i ace\u0219tia sunt direct viza\u021bi de m\u0103sur\u0103.Comunicare deficitar\u0103:Proiectul a fost publicat doar pe site-ul Prim\u0103riei \u0219i afi\u0219at la avizier, f\u0103r\u0103 o campanie de informare ampl\u0103 sau transparent\u0103.\u00a0Poate Prim\u0103ria s\u0103 interzic\u0103 circula\u021bia anumitor vehicule?<\/p>\n<p>Criticii sus\u021bin c\u0103 interdic\u021bia nu rezolv\u0103 problema zgomotului, care ar fi fost motivul principal al adopt\u0103rii acestei m\u0103suri.<\/p>\n<p>Mai mult, conform legii rutiere, toate vehiculele au obliga\u021bia de a respecta anumite limite de zgomot. Iar cele care polueaz\u0103 fonic, pot fi scoase din circula\u021bie fie la ITP, fie prin verific\u0103ri efectuate \u201e\u00een strad\u0103\u201d de reprezentan\u021bii RAR.<\/p>\n<p>Astfel c\u0103, sus\u021bin cei care se opun deciziei autorit\u0103\u021bilor locale din Giurgiu, nu era nevoie de restric\u021bii suplimentare.<\/p>\n<p>\u201eAutorit\u0103\u021bile locale au dreptul ca, prin hot\u0103r\u00e2re de Consiliu, s\u0103 impun\u0103 anumite restric\u021bii. Fie c\u0103 e vorba de blocare a circula\u021biei pe anumite str\u0103zi, fie de interzicere a anumitor vehicule, consilierii locali au acest drept. Mai departe, dac\u0103 sunt cet\u0103\u021beni care consider\u0103 c\u0103 le sunt \u00eenc\u0103lcate drepturi, pot ataca \u00een instan\u021b\u0103 decizia autorit\u0103\u021bilor locale. Astfel, judec\u0103torii vor analiza din punct de vedere legal situa\u021bia \u0219i vor decide dac\u0103 e corect, sau nu, ce a hot\u0103r\u00e2t Consiliul Local. P\u00e2n\u0103 atunci, \u00eens\u0103, interdic\u021bia impus\u0103 \u00ee\u0219i face efectul \u0219i Poli\u021bia \u00eei poate sanc\u021biona pe cei care nu respect\u0103 indicatoarele rutiere\u201d, a explicat pentru ProMotor avocatul Andrei Ciobanu.<\/p>\n<p>Conform legii, nerespectarea indicatorului care\u00a0interzice\u00a0circula\u021bia motocicletelor \u0219i ATV-urilor se sanc\u021bioneaz\u0103 cu 2 sau 3 puncte de amend\u0103. Ceea ce \u00eenseamn\u0103 o sanc\u021biune cuprins\u0103 \u00eentre 330 \u0219i 495 de lei.<\/p>","protected":false},"excerpt":{"rendered":"<p>\u00cen prima lun\u0103 a anului 2024, Consiliul Local Giurgiu a decis restric\u021bionarea circula\u021biei\u00a0motocicletelor\u00a0\u0219i ATV-urilor pe&hellip;<\/p>\n","protected":false},"author":0,"featured_media":16959,"comment_status":"open","ping_status":"open","sticky":false,"template":"","format":"standard","meta":{"footnotes":""},"categories":[2],"tags":[],"class_list":["post-16968","post","type-post","status-publish","format-standard","has-post-thumbnail","hentry","category-actual"],"_links":{"self":[{"href":"https:\/\/247stiri.ro\/index.php\/wp-json\/wp\/v2\/posts\/16968","targetHints":{"allow":["GET"]}}],"collection":[{"href":"https:\/\/247stiri.ro\/index.php\/wp-json\/wp\/v2\/posts"}],"about":[{"href":"https:\/\/247stiri.ro\/index.php\/wp-json\/wp\/v2\/types\/post"}],"replies":[{"embeddable":true,"href":"https:\/\/247stiri.ro\/index.php\/wp-json\/wp\/v2\/comments?post=16968"}],"version-history":[{"count":0,"href":"https:\/\/247stiri.ro\/index.php\/wp-json\/wp\/v2\/posts\/16968\/revisions"}],"wp:featuredmedia":[{"embeddable":true,"href":"https:\/\/247stiri.ro\/index.php\/wp-json\/wp\/v2\/media\/16959"}],"wp:attachment":[{"href":"https:\/\/247stiri.ro\/index.php\/wp-json\/wp\/v2\/media?parent=16968"}],"wp:term":[{"taxonomy":"category","embeddable":true,"href":"https:\/\/247stiri.ro\/index.php\/wp-json\/wp\/v2\/categories?post=16968"},{"taxonomy":"post_tag","embeddable":true,"href":"https:\/\/247stiri.ro\/index.php\/wp-json\/wp\/v2\/tags?post=16968"}],"curies":[{"name":"wp","href":"https:\/\/api.w.org\/{rel}","templated":true}]}}