{"id":16977,"date":"2024-12-16T16:44:48","date_gmt":"2024-12-16T16:44:48","guid":{"rendered":"https:\/\/247stiri.ro\/index.php\/2024\/12\/16\/sedinta-cu-scantei-la-pnl-timis-primarii-vor-sa-l-vada-pe-blaga-plecat-de-la-conducere-dupa-dezastrul-de-la-parlamentare\/"},"modified":"2024-12-16T16:44:48","modified_gmt":"2024-12-16T16:44:48","slug":"sedinta-cu-scantei-la-pnl-timis-primarii-vor-sa-l-vada-pe-blaga-plecat-de-la-conducere-dupa-dezastrul-de-la-parlamentare","status":"publish","type":"post","link":"https:\/\/247stiri.ro\/index.php\/2024\/12\/16\/sedinta-cu-scantei-la-pnl-timis-primarii-vor-sa-l-vada-pe-blaga-plecat-de-la-conducere-dupa-dezastrul-de-la-parlamentare\/","title":{"rendered":"\u0218edin\u021b\u0103 cu sc\u00e2ntei la PNL Timi\u0219. Primarii vor s\u0103-l vad\u0103 pe Blaga plecat de la conducere, dup\u0103 dezastrul de la parlamentare"},"content":{"rendered":"<p>Conflictul a fost declan\u0219at de anun\u021bul lui Munteanu cu privire la sus\u021binerea sa public\u0103 fa\u021b\u0103 de PSD, \u00een plin\u0103 campanie electoral\u0103. Acesta a \u00eendemnat aleg\u0103torii s\u0103 voteze pentru Sorin Grindeanu \u0219i echipa sa, un gest considerat tr\u0103d\u0103tor de c\u0103tre colegii liberali. Alin Popoviciu nu a ezitat s\u0103-i repro\u0219eze primarului comportamentul s\u0103u, argument\u00e2nd c\u0103 astfel de ac\u021biuni pun \u00een pericol unitatea organiza\u021biei.<\/p>\n<p>Dezbaterea a escaladat, Popoviciu solicit\u00e2ndu-i lui Munteanu s\u0103 p\u0103r\u0103seasc\u0103 sala de \u0219edin\u021b\u0103. Interven\u021bia lui Vasile Blaga, pre\u0219edintele interimar al PNL Timi\u0219, a fost esen\u021bial\u0103 pentru a calma spiritele, acesta subliniind c\u0103 nimeni nu va fi exclus din partid at\u00e2ta timp c\u00e2t se afl\u0103 la conducere. Totu\u0219i, dup\u0103 c\u00e2teva momente de discu\u021bii aprinse, Blaga a decis s\u0103-l roage pe Munteanu s\u0103 p\u0103r\u0103seasc\u0103 \u0219edin\u021ba pentru a preveni o escaladare a conflictului.<\/p>\n<p><a title=\"Ilie Bolojan nu-si doreste sa candideze la alegerile prezidentiale. Strategia PNL in lupta pentru Cotroceni\" href=\"https:\/\/www.realitatea.net\/stiri\/actual\/ilie-bolojan-nusi-doreste-sa-candideze-la-alegerile-prezidentiale-strategia-pnl-in-lupta-pentru-cotroceni_675fecd97f8f546c421594c2\">Ilie Bolojan nu-\u0219i dore\u0219te s\u0103 candideze la alegerile preziden\u021biale. Strategia PNL \u00een lupta pentru Cotroceni<\/a><\/p>\n<p>Criticile nu s-au oprit \u00eens\u0103 la Munteanu. \u00cen cadrul \u0219edin\u021bei, pre\u0219edintele interimar a fost confruntat de primari care i-au repro\u0219at rezultatele slabe ob\u021binute de PNL la alegerile parlamentare. Cu un scor de sub 13%, liberalii din Timi\u0219 au reu\u0219it s\u0103 ob\u021bin\u0103 doar un singur deputat \u0219i un singur senator, ceea ce a generat nemul\u021bumiri profunde \u00een r\u00e2ndul liderilor locali. R\u0103zvan Br\u0103zd\u0103u, primarul din Moravi\u021ba, a cerut deschis demisia lui Blaga, o solicitare care a fost sus\u021binut\u0103 de al\u021bi primari, inclusiv de Dan Vatri\u0219 din Jebel.<\/p>\n<p>Blaga a promis c\u0103 va pleca dup\u0103 alegerile preziden\u021biale, mai ales c\u0103 \u0219i-a atins obiectivul personal de a ob\u021bine un nou mandat \u00een Parlament, scrie <a href=\"https:\/\/www.sursadevest.ro\/scandal-in-pnl-timis-primarii-cer-capul-lui-blaga-dupa-dezastrul-de-la-parlamentare-sorin-munteanu-scos-afara-din-sedinta\/\" target=\"_blank\">presa local\u0103<\/a>.<\/p>\n<p><a title=\"Lasconi nu vine la negocieri cu PSD, PNL si UDMR. Rezistii nu vin la sedinta din aceasta seara\" href=\"https:\/\/www.realitatea.net\/stiri\/actual\/lasconi-nu-vrea-negocieri-cu-psd-pnl-si-udmr-rezistii-nu-vin-la-sedinta-din-aceasta-seara_67604b640c6d8b4287681bb2\">Lasconi nu vine la negocieri cu PSD, PNL \u0219i UDMR. Rezi\u0219tii nu vin la \u0219edin\u021ba din aceast\u0103 sear\u0103<\/a><\/p>","protected":false},"excerpt":{"rendered":"<p>Conflictul a fost declan\u0219at de anun\u021bul lui Munteanu cu privire la sus\u021binerea sa public\u0103 fa\u021b\u0103&hellip;<\/p>\n","protected":false},"author":0,"featured_media":16974,"comment_status":"open","ping_status":"open","sticky":false,"template":"","format":"standard","meta":{"footnotes":""},"categories":[2],"tags":[],"class_list":["post-16977","post","type-post","status-publish","format-standard","has-post-thumbnail","hentry","category-actual"],"_links":{"self":[{"href":"https:\/\/247stiri.ro\/index.php\/wp-json\/wp\/v2\/posts\/16977","targetHints":{"allow":["GET"]}}],"collection":[{"href":"https:\/\/247stiri.ro\/index.php\/wp-json\/wp\/v2\/posts"}],"about":[{"href":"https:\/\/247stiri.ro\/index.php\/wp-json\/wp\/v2\/types\/post"}],"replies":[{"embeddable":true,"href":"https:\/\/247stiri.ro\/index.php\/wp-json\/wp\/v2\/comments?post=16977"}],"version-history":[{"count":0,"href":"https:\/\/247stiri.ro\/index.php\/wp-json\/wp\/v2\/posts\/16977\/revisions"}],"wp:featuredmedia":[{"embeddable":true,"href":"https:\/\/247stiri.ro\/index.php\/wp-json\/wp\/v2\/media\/16974"}],"wp:attachment":[{"href":"https:\/\/247stiri.ro\/index.php\/wp-json\/wp\/v2\/media?parent=16977"}],"wp:term":[{"taxonomy":"category","embeddable":true,"href":"https:\/\/247stiri.ro\/index.php\/wp-json\/wp\/v2\/categories?post=16977"},{"taxonomy":"post_tag","embeddable":true,"href":"https:\/\/247stiri.ro\/index.php\/wp-json\/wp\/v2\/tags?post=16977"}],"curies":[{"name":"wp","href":"https:\/\/api.w.org\/{rel}","templated":true}]}}