{"id":16978,"date":"2024-12-16T16:44:48","date_gmt":"2024-12-16T16:44:48","guid":{"rendered":"https:\/\/247stiri.ro\/index.php\/2024\/12\/16\/cutremur-in-politica-germaniei-cancelarul-olaf-scholz-demis-in-urma-unui-vot-parlamentar\/"},"modified":"2024-12-16T16:44:48","modified_gmt":"2024-12-16T16:44:48","slug":"cutremur-in-politica-germaniei-cancelarul-olaf-scholz-demis-in-urma-unui-vot-parlamentar","status":"publish","type":"post","link":"https:\/\/247stiri.ro\/index.php\/2024\/12\/16\/cutremur-in-politica-germaniei-cancelarul-olaf-scholz-demis-in-urma-unui-vot-parlamentar\/","title":{"rendered":"Cutremur \u00een politica Germaniei. Cancelarul Olaf Scholz, demis \u00een urma unui vot parlamentar"},"content":{"rendered":"<p>Bundestagul, corpul legislativ al Germaniei, s-a \u00eentrunit luni, av\u00e2nd ca singur punct pe agenda \u00eent\u00e2lnirii demiterea cancelarului Olaf Scholz prin intermediul unui vot de ne\u00eencredere, conform informa\u021biilor din presa interna\u021bional\u0103. Voturile de ne\u00eencredere sunt o practic\u0103 rar \u00eent\u00e2lnit\u0103 \u00een Germania, aceasta fiind doar a \u0219asea ocazie \u00een istoria postbelic\u0103 a Republicii Federale c\u00e2nd un lider de guvern recurge la aceast\u0103 op\u021biune.<\/p>\n<p>Aceast\u0103 schimbare dramatic\u0103 \u00een conducerea \u021b\u0103rii vine pe fondul unei coali\u021bii guvernamentale, denumit\u0103 \u201eSemafor\u201d, format\u0103 din sociali\u0219tii lui Olaf Scholz, liberali \u0219i verzi. Coali\u021bia a generat a\u0219tept\u0103ri mari \u00een r\u00e2ndul aleg\u0103torilor, dar a dezam\u0103git mul\u021bi dintre ace\u0219tia, ceea ce a condus la o criz\u0103 de \u00eencredere \u00een r\u00e2ndul cet\u0103\u021benilor. Criticii subliniaz\u0103 c\u0103 alian\u021bele \u00eentre partide cu doctrine diferite trebuie s\u0103 fie bine negociate de la \u00eenceput, pe baza unor principii \u0219i obiective clare, pentru a evita e\u0219ecurile.<\/p>\n<p>Istoria recent\u0103 a politicii germane arat\u0103 c\u0103 to\u021bi cei patru cancelari sociali\u0219ti care au condus \u021bara \u00een ultimele 75 de ani au fost nevoi\u021bi s\u0103 \u00ee\u0219i \u00eencheie mandatele \u00eenainte de termen. Aceast\u0103 tendin\u021b\u0103 alimenteaz\u0103 specula\u021biile cu privire la viitorul politic al lui Scholz \u0219i la viabilitatea coali\u021biei actuale.<\/p>\n<p><a title=\"Extremistii vor sa scoata Germania din UE. Ce cer in documentul care a agitat scena politica\" href=\"https:\/\/www.realitatea.net\/stiri\/actual\/extremistii-vor-sa-scoata-germania-din-ue-ce-cer-in-documentul-care-a-agitat-scena-politica_6749d48e3b289b727132ad68\">Extremi\u0219tii vor s\u0103 scoat\u0103 Germania din UE. Ce cer \u00een documentul care a agitat scena politic\u0103<\/a><\/p>\n<p>\u201eParlamentul Germaniei tocmai a votat demiterea Guvernului Olaf ScholzUrmeaz\u0103 alegeri anticipate care vor fi c\u00e2\u0219tigate, cel mai probabil, de Uniunea Cre\u0219tin-Democrat\u0103 (CDU &#8211; partid de centru-dreapta, membru PPE), iar Friedrich Merz va fi, cel mai probabil, noul cancelar al Germaniei.Ce avem de re\u021binut:Coali\u021bia \u201eSemafor\u201d, format\u0103 din Sociali\u0219tii lui Olaf Scholz, de Liberali \u0219i de Verzi, a generat multe a\u0219tept\u0103ri \u00een r\u00e2ndul oamenilor \u0219i a dezam\u0103git la fel de mult\u0103 lume. De aceea, alian\u021bele \u00eentre partide cu doctrine diferite trebuie negociate foarte bine la \u00eenceput \u0219i pe principii \u0219i obiective clare. Altfel, vor e\u0219ua;To\u021bi cei 4 cancelari sociali\u0219ti ai Germaniei din ultimii 75 de ani au fost nevoi\u021bi s\u0103-\u0219i \u00eencheie mandatul \u00eenainte de termen;Germania este exemplul clar c\u0103 oamenii dezam\u0103gi\u021bi de partide proeuropene aflate la guvernare pot sus\u021bine \u00een continuare alte partide proeuropene, dac\u0103 acestea vin cu candida\u021bi serio\u0219i, credibili \u0219i cu solu\u021bii clare, europene, la problemele oamenilor\u201d, a scris Siegfried Muresan pe pagina sa de Facebook.\u00a0<a title=\"Cancelarul Olaf Scholz, APEL FERM! Le solicita refugiatilor ucraineni sa isi gaseasca un loc de munca sau sa se intoarca in Ucraina\" href=\"https:\/\/www.realitatea.net\/stiri\/extern\/cancelarul-olaf-scholz-apel-ferm-le-solicita-refugiatilor-ucraineni-sa-isi-gaseasca-un-loc-de-munca-sau-sa-se-intoarca-in-ucraina_6750a7b876620157fb2760b2\">Cancelarul Olaf Scholz, APEL FERM! Le solicit\u0103 refugia\u021bilor ucraineni s\u0103 \u00ee\u0219i g\u0103seasc\u0103 un loc de munc\u0103 sau s\u0103 se \u00eentoarc\u0103 \u00een Ucraina<\/a><\/p>","protected":false},"excerpt":{"rendered":"<p>Bundestagul, corpul legislativ al Germaniei, s-a \u00eentrunit luni, av\u00e2nd ca singur punct pe agenda \u00eent\u00e2lnirii&hellip;<\/p>\n","protected":false},"author":0,"featured_media":16972,"comment_status":"open","ping_status":"open","sticky":false,"template":"","format":"standard","meta":{"footnotes":""},"categories":[2],"tags":[],"class_list":["post-16978","post","type-post","status-publish","format-standard","has-post-thumbnail","hentry","category-actual"],"_links":{"self":[{"href":"https:\/\/247stiri.ro\/index.php\/wp-json\/wp\/v2\/posts\/16978","targetHints":{"allow":["GET"]}}],"collection":[{"href":"https:\/\/247stiri.ro\/index.php\/wp-json\/wp\/v2\/posts"}],"about":[{"href":"https:\/\/247stiri.ro\/index.php\/wp-json\/wp\/v2\/types\/post"}],"replies":[{"embeddable":true,"href":"https:\/\/247stiri.ro\/index.php\/wp-json\/wp\/v2\/comments?post=16978"}],"version-history":[{"count":0,"href":"https:\/\/247stiri.ro\/index.php\/wp-json\/wp\/v2\/posts\/16978\/revisions"}],"wp:featuredmedia":[{"embeddable":true,"href":"https:\/\/247stiri.ro\/index.php\/wp-json\/wp\/v2\/media\/16972"}],"wp:attachment":[{"href":"https:\/\/247stiri.ro\/index.php\/wp-json\/wp\/v2\/media?parent=16978"}],"wp:term":[{"taxonomy":"category","embeddable":true,"href":"https:\/\/247stiri.ro\/index.php\/wp-json\/wp\/v2\/categories?post=16978"},{"taxonomy":"post_tag","embeddable":true,"href":"https:\/\/247stiri.ro\/index.php\/wp-json\/wp\/v2\/tags?post=16978"}],"curies":[{"name":"wp","href":"https:\/\/api.w.org\/{rel}","templated":true}]}}