{"id":16980,"date":"2024-12-16T16:44:48","date_gmt":"2024-12-16T16:44:48","guid":{"rendered":"https:\/\/247stiri.ro\/index.php\/2024\/12\/16\/lasconi-nu-vine-la-negocieri-cu-psd-pnl-si-udmr-rezistii-nu-vin-la-sedinta-din-aceasta-seara\/"},"modified":"2024-12-16T16:44:48","modified_gmt":"2024-12-16T16:44:48","slug":"lasconi-nu-vine-la-negocieri-cu-psd-pnl-si-udmr-rezistii-nu-vin-la-sedinta-din-aceasta-seara","status":"publish","type":"post","link":"https:\/\/247stiri.ro\/index.php\/2024\/12\/16\/lasconi-nu-vine-la-negocieri-cu-psd-pnl-si-udmr-rezistii-nu-vin-la-sedinta-din-aceasta-seara\/","title":{"rendered":"Lasconi nu vine la negocieri cu PSD, PNL \u0219i UDMR. Rezi\u0219tii nu vin la \u0219edin\u021ba din aceast\u0103 sear\u0103"},"content":{"rendered":"<p>Dup\u0103 o \u0219edin\u021b\u0103 intern\u0103, liderul USR Elena Lasconi a anun\u021bat c\u0103 niciun reprezentant al USR nu va participa la \u00eent\u00e2lnirea de luni sear\u0103, pentru c\u0103 nu au primit date clare despre situa\u021bia bugetar\u0103, precum \u0219i despre planul de reducere a deficitul. Potrivit Realitatea Plus, USR nu a comunicat clar c\u0103 prin acest anun\u021b va ie\u0219i din coali\u021bie, ci c\u0103 ar dori p nou\u0103 \u00eent\u00e2lnire, cel mai probabil mar\u021bi, pentru o discu\u021bie aplicat\u0103 privind situa\u021bia bugetului.<\/p>\n<p>\u201dUSR a luat decizia, \u00een Biroul Na\u021bional, de a nu discuta \u00eemp\u0103r\u021birea func\u021biilor \u00eentr-un nou guvern f\u0103r\u0103 s\u0103 existe un plan agreat care s\u0103 scoat\u0103 Rom\u00e2nia din profunda criz\u0103 a bugetului de stat. USR consider\u0103 c\u0103 importante sunt reformele care trebuie f\u0103cute de noul guvern, precum \u0219i un buget corect care s\u0103 le sus\u021bin\u0103, nu \u00eemp\u0103r\u021birea de func\u021bii \u0219i portofolii. Este absurd s\u0103 discut\u0103m nume de\u201d, a afirmat pre\u0219edinta USR, Elena Lasconi, la finalul \u0219edin\u021bei de Birou Na\u021bional.<\/p>\n<p>Potrivit acesteia, chiar dac\u0103 nimeni nu o spune concret, planul de reducere a deficitului s-ar baza pe unele major\u0103ri de taxe.<\/p>","protected":false},"excerpt":{"rendered":"<p>Dup\u0103 o \u0219edin\u021b\u0103 intern\u0103, liderul USR Elena Lasconi a anun\u021bat c\u0103 niciun reprezentant al USR&hellip;<\/p>\n","protected":false},"author":0,"featured_media":16976,"comment_status":"open","ping_status":"open","sticky":false,"template":"","format":"standard","meta":{"footnotes":""},"categories":[2],"tags":[],"class_list":["post-16980","post","type-post","status-publish","format-standard","has-post-thumbnail","hentry","category-actual"],"_links":{"self":[{"href":"https:\/\/247stiri.ro\/index.php\/wp-json\/wp\/v2\/posts\/16980","targetHints":{"allow":["GET"]}}],"collection":[{"href":"https:\/\/247stiri.ro\/index.php\/wp-json\/wp\/v2\/posts"}],"about":[{"href":"https:\/\/247stiri.ro\/index.php\/wp-json\/wp\/v2\/types\/post"}],"replies":[{"embeddable":true,"href":"https:\/\/247stiri.ro\/index.php\/wp-json\/wp\/v2\/comments?post=16980"}],"version-history":[{"count":0,"href":"https:\/\/247stiri.ro\/index.php\/wp-json\/wp\/v2\/posts\/16980\/revisions"}],"wp:featuredmedia":[{"embeddable":true,"href":"https:\/\/247stiri.ro\/index.php\/wp-json\/wp\/v2\/media\/16976"}],"wp:attachment":[{"href":"https:\/\/247stiri.ro\/index.php\/wp-json\/wp\/v2\/media?parent=16980"}],"wp:term":[{"taxonomy":"category","embeddable":true,"href":"https:\/\/247stiri.ro\/index.php\/wp-json\/wp\/v2\/categories?post=16980"},{"taxonomy":"post_tag","embeddable":true,"href":"https:\/\/247stiri.ro\/index.php\/wp-json\/wp\/v2\/tags?post=16980"}],"curies":[{"name":"wp","href":"https:\/\/api.w.org\/{rel}","templated":true}]}}