{"id":16987,"date":"2024-12-16T17:44:48","date_gmt":"2024-12-16T17:44:48","guid":{"rendered":"https:\/\/247stiri.ro\/index.php\/2024\/12\/16\/primul-super-tren-de-mare-viteza-pe-ruta-berlin-paris-a-plecat-in-cursa-cate-ore-le-vor-lua-calatorilor-sa-ajunga-dintr-o-capitala-in-alta\/"},"modified":"2024-12-16T17:44:48","modified_gmt":"2024-12-16T17:44:48","slug":"primul-super-tren-de-mare-viteza-pe-ruta-berlin-paris-a-plecat-in-cursa-cate-ore-le-vor-lua-calatorilor-sa-ajunga-dintr-o-capitala-in-alta","status":"publish","type":"post","link":"https:\/\/247stiri.ro\/index.php\/2024\/12\/16\/primul-super-tren-de-mare-viteza-pe-ruta-berlin-paris-a-plecat-in-cursa-cate-ore-le-vor-lua-calatorilor-sa-ajunga-dintr-o-capitala-in-alta\/","title":{"rendered":"Primul super-tren de mare vitez\u0103 pe ruta Berlin-Paris a plecat \u00een curs\u0103. C\u00e2te ore le vor lua c\u0103l\u0103torilor s\u0103 ajung\u0103 dintr-o capital\u0103 \u00een alta"},"content":{"rendered":"<p>O c\u0103l\u0103torie cu trenul \u00eentre cele dou\u0103 capitale europene emite de 100 de ori mai pu\u0163in CO2 dec\u00e2t o c\u0103l\u0103torie cu avionul, sus\u0163ine operatorul feroviar francez SNCF.<\/p>\n<p>&#8222;Opt ore cu trenul, poate p\u0103rea mult, \u015fi am ezitat pu\u0163in \u00eenainte de a lansa aceste curse&#8221;, a dezv\u0103luit directorul general de la SNCF, Jean-Pierre Farandou, care p\u00e2n\u0103 la urm\u0103 s-a l\u0103sat convins c\u0103 &#8222;oamenii pot r\u0103m\u00e2ne a\u015feza\u0163i timp de opt ore, atunci c\u00e2nd este confortabil \u015fi au un echipaj bun&#8221;.<\/p>\n<p>\u00cen consecin\u0163\u0103, primele dou\u0103 mari companii feroviare europene, Deutsche Bahn \u015fi SNCF, au decis s\u0103 aprofundeze cooperarea, care le-a permis deja s\u0103 transporte 30 de milioane de pasageri \u00eentre cele dou\u0103 \u0163\u0103ri. &#8222;Traficul interna\u0163ional european reprezint\u0103 o treime din traficul trenurilor de mare vitez\u0103&#8221; pentru SNCF, a insistat Jean-Pierre Farandou.<\/p>\n<p><a title=\"Biletele CFR s-au scumpit de azi. Lovitura pentru vacantele de iarna ale romanilor\" href=\"https:\/\/www.realitatea.net\/stiri\/actual\/biletele-cfr-sau-scumpit-de-azi-lovitura-pentru-vacantele-de-iarna-ale-romanilor_675e8b5fff1fa23cd20838c2\">Biletele CFR s-au scumpit de azi. Lovitur\u0103 pentru vacan\u021bele de iarn\u0103 ale rom\u00e2nilor<\/a>Noua leg\u0103tur\u0103 Berlin-Paris va fi asigurat\u0103 de garniturile ICE, trenurile germane de mare vitez\u0103, \u015fi nu de TGV-urile franceze. Trenurile cu 444 de locuri disponibile vor pleca zilnic de la Gara de Est din Paris, la ora 11:55 am (9:55 GMT) \u015fi la ora 11:54 din gara principal\u0103 din Berlin.<\/p>\n<p>Trenurile vor circula zilnic \u015fi vor deservi g\u0103rile din Frankfurt \u015fi Karlsruhe din Germania \u015fi Strasbourg din Fran\u0163a. Biletele au pre\u0163uri care \u00eencep de la 59,99 euro, pentru un loc la clasa a doua, \u015fi potrivit Deutsche Bahn se v\u00e2nd rapid.<\/p>\n<p>Anterior, Berlinul \u015fi Parisul erau legate direct doar prin trenuri de noapte, \u00een cazul c\u0103rora o c\u0103l\u0103torie dureaz\u0103 aproximativ 14 ore.<\/p>\n<p>C\u0103l\u0103toria \u00eentre Paris \u015fi Berlin, cu o lungime de 1.100 de kilometri, este probabil limita maxim\u0103 a unei c\u0103l\u0103torii cu un tren de mare vitez\u0103, care s\u0103 fie \u015fi una atractiv\u0103, recunoa\u015fte directorul general de la SNCF. Dincolo de aceast\u0103 distan\u0163\u0103 trebuie utilizat trenul de noapte, estimeaz\u0103 Jean-Pierre Farandou.Uniunea European\u0103 mizeaz\u0103 pe dublarea traficului interna\u0163ional de mare vitez\u0103 pe continent p\u00e2n\u0103 \u00een 2030 \u015fi pe triplarea sa p\u00e2n\u0103 \u00een 2050, pentru a-\u015fi respecta angajamentele climatice. \u00cens\u0103 pentru acest lucru va fi nevoie de construirea a 20.000 de kilometri de tren de mare vitez\u0103 \u00een toat\u0103 Europa p\u00e2n\u0103 \u00een 2050, estimeaz\u0103 directorul Deutsche Bahn, Michael Peterson.\u00a0<\/p>\n<p><a title=\"Sina rupta la metrou, pe Magistrala 1. Cinci trenuri au rotile avariate\" href=\"https:\/\/www.realitatea.net\/stiri\/actual\/sina-rupta-la-metrou-pe-magistrala-1-cinci-trenuri-au-rotile-avariate_675ffea2592a2012ad3a45c2\">\u0218in\u0103 rupt\u0103 la metrou, pe Magistrala 1. Cinci trenuri au ro\u021bile avariate<\/a><\/p>","protected":false},"excerpt":{"rendered":"<p>O c\u0103l\u0103torie cu trenul \u00eentre cele dou\u0103 capitale europene emite de 100 de ori mai&hellip;<\/p>\n","protected":false},"author":0,"featured_media":16984,"comment_status":"open","ping_status":"open","sticky":false,"template":"","format":"standard","meta":{"footnotes":""},"categories":[2],"tags":[],"class_list":["post-16987","post","type-post","status-publish","format-standard","has-post-thumbnail","hentry","category-actual"],"_links":{"self":[{"href":"https:\/\/247stiri.ro\/index.php\/wp-json\/wp\/v2\/posts\/16987","targetHints":{"allow":["GET"]}}],"collection":[{"href":"https:\/\/247stiri.ro\/index.php\/wp-json\/wp\/v2\/posts"}],"about":[{"href":"https:\/\/247stiri.ro\/index.php\/wp-json\/wp\/v2\/types\/post"}],"replies":[{"embeddable":true,"href":"https:\/\/247stiri.ro\/index.php\/wp-json\/wp\/v2\/comments?post=16987"}],"version-history":[{"count":0,"href":"https:\/\/247stiri.ro\/index.php\/wp-json\/wp\/v2\/posts\/16987\/revisions"}],"wp:featuredmedia":[{"embeddable":true,"href":"https:\/\/247stiri.ro\/index.php\/wp-json\/wp\/v2\/media\/16984"}],"wp:attachment":[{"href":"https:\/\/247stiri.ro\/index.php\/wp-json\/wp\/v2\/media?parent=16987"}],"wp:term":[{"taxonomy":"category","embeddable":true,"href":"https:\/\/247stiri.ro\/index.php\/wp-json\/wp\/v2\/categories?post=16987"},{"taxonomy":"post_tag","embeddable":true,"href":"https:\/\/247stiri.ro\/index.php\/wp-json\/wp\/v2\/tags?post=16987"}],"curies":[{"name":"wp","href":"https:\/\/api.w.org\/{rel}","templated":true}]}}