{"id":1699,"date":"2024-10-25T05:03:36","date_gmt":"2024-10-25T05:03:36","guid":{"rendered":"https:\/\/247stiri.ro\/index.php\/2024\/10\/25\/ziua-armatei-romaniei-sarbatorita-de-marinarii-militari-in-sase-garnizoane-din-tara-unde-vor-avea-loc-ceremoniile\/"},"modified":"2024-10-25T05:03:36","modified_gmt":"2024-10-25T05:03:36","slug":"ziua-armatei-romaniei-sarbatorita-de-marinarii-militari-in-sase-garnizoane-din-tara-unde-vor-avea-loc-ceremoniile","status":"publish","type":"post","link":"https:\/\/247stiri.ro\/index.php\/2024\/10\/25\/ziua-armatei-romaniei-sarbatorita-de-marinarii-militari-in-sase-garnizoane-din-tara-unde-vor-avea-loc-ceremoniile\/","title":{"rendered":"Ziua Armatei Rom\u00e2niei, s\u0103rb\u0103torit\u0103 de marinarii militari \u00een \u015fase garnizoane din \u0163ar\u0103. Unde vor avea loc ceremoniile"},"content":{"rendered":"<p>Reprezentan\u0163i ai Statului Major al For\u0163elor Navale vor fi prezen\u0163i la Bucure\u015fti, \u00eencep\u00e2nd cu ora 10,00, la ceremoniile militare organizate la Morm\u00e2ntul Osta\u015fului Necunoscut din Parcul Carol I, \u015fi de la ora 12,00, la Monumentul Eroilor Patriei din cel de-Al Doilea R\u0103zboi Mondial, din fa\u0163a Universit\u0103\u0163ii Na\u0163ionale de Ap\u0103rare &#8222;Carol I&#8221;, \u015fi la Monumentul Eroilor C\u0103zu\u0163i \u00een Teatrele de Opera\u0163ii \u015fi pe Teritoriul Rom\u00e2niei din fa\u0163a Palatului Na\u0163ional al Copiilor.<\/p>\n<p>De asemenea, reprezentan\u0163i ai institu\u0163iilor militare de \u00eenv\u0103\u0163\u0103m\u00e2nt din For\u0163ele Navale \u015fi ai Centrului de Scafandri vor participa, vineri \u015fi s\u00e2mb\u0103t\u0103, cu standuri de reprezentare \u015fi cu o expozi\u0163ie de tehnic\u0103 specific\u0103, \u00een curtea Palatului Regal din Bucure\u015fti, \u00een cadrul Evenimentului &#8222;ONOR Armatei Rom\u00e2niei&#8221;, organizat pe Calea Victoriei de Ministerul Ap\u0103r\u0103rii Na\u0163ionale, \u00eempreun\u0103 cu Prim\u0103ria Municipiului Bucure\u015fti \u015fi Asocia\u0163ia O.N.O.R. &#8211; Oameni, Na\u0163iune, Onoare, Respect.<\/p>\n<p>La Constan\u0163a, ceremonia militar\u0103 \u015fi religioas\u0103 va avea loc la &#8222;Monumentul Victoriei&#8221; din Parcul Arheologic, \u00eencep\u00e2nd cu ora 10,00. La ora 19,00, militarii For\u0163elor Navale Rom\u00e2ne se vor retrage cu tor\u0163e pe itinerariul Sala Sportului &#8211; Bulevardul Tomis &#8211; Strada Traian &#8211; Parcul Arheologic &#8211; Monumentul Victoriei.<\/p>\n<p>La Mangalia, vor fi depuse coroane \u015fi jerbe de flori, \u00eencep\u00e2nd cu ora 9,00, la Complexul Monumental din Pia\u0163a Republicii.<\/p>\n<p>La Br\u0103ila, militarii Flotilei Fluviale vor participa la ceremonia militar\u0103 \u015fi religioas\u0103 care se va desf\u0103\u015fura, de la ora 10,00, la &#8222;Ansamblul Comemorativ al Eroilor Neamului&#8221;.<\/p>\n<p>La Tulcea, ceremonia militar\u0103 \u015fi religioas\u0103 va avea loc \u00eencep\u00e2nd cu ora 10,00, la Cimitirul Eroilor, iar la Babadag infanteri\u015ftii marini vor participa la ceremonia militar\u0103 \u015fi religioas\u0103 care va avea loc la Monumentul Eroilor, \u00eencep\u00e2nd cu ora 10,00.\u00a0<\/p>","protected":false},"excerpt":{"rendered":"<p>Reprezentan\u0163i ai Statului Major al For\u0163elor Navale vor fi prezen\u0163i la Bucure\u015fti, \u00eencep\u00e2nd cu ora&hellip;<\/p>\n","protected":false},"author":0,"featured_media":1700,"comment_status":"open","ping_status":"open","sticky":false,"template":"","format":"standard","meta":{"footnotes":""},"categories":[2],"tags":[],"class_list":["post-1699","post","type-post","status-publish","format-standard","has-post-thumbnail","hentry","category-actual"],"_links":{"self":[{"href":"https:\/\/247stiri.ro\/index.php\/wp-json\/wp\/v2\/posts\/1699","targetHints":{"allow":["GET"]}}],"collection":[{"href":"https:\/\/247stiri.ro\/index.php\/wp-json\/wp\/v2\/posts"}],"about":[{"href":"https:\/\/247stiri.ro\/index.php\/wp-json\/wp\/v2\/types\/post"}],"replies":[{"embeddable":true,"href":"https:\/\/247stiri.ro\/index.php\/wp-json\/wp\/v2\/comments?post=1699"}],"version-history":[{"count":0,"href":"https:\/\/247stiri.ro\/index.php\/wp-json\/wp\/v2\/posts\/1699\/revisions"}],"wp:featuredmedia":[{"embeddable":true,"href":"https:\/\/247stiri.ro\/index.php\/wp-json\/wp\/v2\/media\/1700"}],"wp:attachment":[{"href":"https:\/\/247stiri.ro\/index.php\/wp-json\/wp\/v2\/media?parent=1699"}],"wp:term":[{"taxonomy":"category","embeddable":true,"href":"https:\/\/247stiri.ro\/index.php\/wp-json\/wp\/v2\/categories?post=1699"},{"taxonomy":"post_tag","embeddable":true,"href":"https:\/\/247stiri.ro\/index.php\/wp-json\/wp\/v2\/tags?post=1699"}],"curies":[{"name":"wp","href":"https:\/\/api.w.org\/{rel}","templated":true}]}}