{"id":16993,"date":"2024-12-16T17:44:48","date_gmt":"2024-12-16T17:44:48","guid":{"rendered":"https:\/\/247stiri.ro\/index.php\/2024\/12\/16\/fiica-milionarului-asasinat-in-atacul-cu-bomba-de-la-arad-si-cei-doi-complici-raman-in-arest-preventiv\/"},"modified":"2024-12-16T17:44:48","modified_gmt":"2024-12-16T17:44:48","slug":"fiica-milionarului-asasinat-in-atacul-cu-bomba-de-la-arad-si-cei-doi-complici-raman-in-arest-preventiv","status":"publish","type":"post","link":"https:\/\/247stiri.ro\/index.php\/2024\/12\/16\/fiica-milionarului-asasinat-in-atacul-cu-bomba-de-la-arad-si-cei-doi-complici-raman-in-arest-preventiv\/","title":{"rendered":"Fiica milionarului asasinat \u00een atacul cu bomb\u0103 de la Arad \u0219i cei doi complici r\u0103m\u00e2n \u00een arest preventiv"},"content":{"rendered":"<p>\u201dRespinge, ca nefondate, contesta\u0163iile formulate de inculpa\u0163ii B\u00eelcea Laura Oana, Bulbuc Sebastian Ilie \u015fi Horodinc\u0103 Adrian Bogdan \u00eempotriva \u00eencheierii F\/DL din data de 09.12.2024 pronun\u0163ate de Curtea de Apel Bucure\u015fti \u2013 Sec\u0163ia a II-a penal\u0103, \u00een dosarul nr. 7595\/2\/2024 (4123\/2024) Oblig\u0103 contestatorii-inculpa\u0163i la plata sumei de c\u00e2te 200 lei fiecare, cu titlu de cheltuieli judiciare c\u0103tre stat\u201d, se arat\u0103 \u00een minuta ICCJ.<\/p>\n<p>Decizia instan\u0163ei supreme este definitiv\u0103.<\/p>\n<p>Curtea de Apel Bucure\u015fti hot\u0103r\u00e2se, pe 9 decembrie, s\u0103 prelungeasc\u0103 arestul preventiv cu 30 de zile pentru Laura Oana B\u00eelcea, Sebastian Ilie Bulbuc \u015fi Adrian Bogdan Horodinc\u0103, iar decizia a fost contestat\u0103 la \u00cenalta Curte.<\/p>\n<p>Conform anchetatorilor, Sebastian Ilie Bulbuc \u015fi Adrian Bogdan Horodinc\u0103 au procurat, \u00een 27 mai 2021, un mecanism care putea fi folosit ca detonator \u00eentr-un dispozitiv exploziv improvizat, controlabil prin intermediul telefonului mobil, \u00een care au \u00eencorporat ulterior \u00eenc\u0103rc\u0103tura exploziv\u0103 &#8211; procurat\u0103, de\u0163inut\u0103, transportat\u0103 \u015fi folosit\u0103 f\u0103r\u0103 drept \u2013 \u015fi l-au plasat \u00een autoturismul victimei, iar \u00een 29 mai 2021, ora 06:59, \u201dac\u0163ion\u00e2nd cu premeditare \u015fi din interes material, l-au detonat de la distan\u0163\u0103 \u00een timp ce victima se deplasa la volanul autoturismului \u00een parcarea magazinului Profi din cartierul Vlaicu din municipiul Arad\u201d.<\/p>\n<p>\u201dInculpa\u0163ii au fost instiga\u0163i la comiterea faptei de c\u0103tre inculpata men\u0163ionat\u0103. Victima a decedat ca urmare a exploziei \u015fi incendiului subsecvent, iar autoturismul a fost complet distrus. Prin modul, locul \u015fi mijloacele de s\u0103v\u00e2r\u015fire, fapta a fost de natur\u0103 s\u0103 pun\u0103 \u00een pericol alte persoane \u015fi bunuri\u201d, afirmau procurorii.<\/p>\n<p>Poli\u0163ia Rom\u00e2n\u0103 \u015fi Parchetul de pe l\u00e2ng\u0103 \u00cenalta Curte de Casa\u0163ie \u015fi Justi\u0163ie au f\u0103cut, \u00een 23 octombrie, \u015fapte perchezi\u0163ii domiciliare \u00een acest caz.<\/p>\n<p>Omul de afaceri ar\u0103dean Ioan Cri\u015fan a murit, \u00een 29 mai 2021, dup\u0103 ce ma\u015fina \u00een care se afla a explodat, la scurt timp de la plecarea de pe loc. Anchetatorii au stabilit c\u0103 \u00een autoturism a fost plasat\u0103 o bomb\u0103, fiind deschis dosar penal de <a title=\"omor\" href=\"https:\/\/ziare.com\/stiri\/omor\/\">omor<\/a> cu premeditare.<\/p>","protected":false},"excerpt":{"rendered":"<p>\u201dRespinge, ca nefondate, contesta\u0163iile formulate de inculpa\u0163ii B\u00eelcea Laura Oana, Bulbuc Sebastian Ilie \u015fi Horodinc\u0103&hellip;<\/p>\n","protected":false},"author":0,"featured_media":16994,"comment_status":"open","ping_status":"open","sticky":false,"template":"","format":"standard","meta":{"footnotes":""},"categories":[2],"tags":[],"class_list":["post-16993","post","type-post","status-publish","format-standard","has-post-thumbnail","hentry","category-actual"],"_links":{"self":[{"href":"https:\/\/247stiri.ro\/index.php\/wp-json\/wp\/v2\/posts\/16993","targetHints":{"allow":["GET"]}}],"collection":[{"href":"https:\/\/247stiri.ro\/index.php\/wp-json\/wp\/v2\/posts"}],"about":[{"href":"https:\/\/247stiri.ro\/index.php\/wp-json\/wp\/v2\/types\/post"}],"replies":[{"embeddable":true,"href":"https:\/\/247stiri.ro\/index.php\/wp-json\/wp\/v2\/comments?post=16993"}],"version-history":[{"count":0,"href":"https:\/\/247stiri.ro\/index.php\/wp-json\/wp\/v2\/posts\/16993\/revisions"}],"wp:featuredmedia":[{"embeddable":true,"href":"https:\/\/247stiri.ro\/index.php\/wp-json\/wp\/v2\/media\/16994"}],"wp:attachment":[{"href":"https:\/\/247stiri.ro\/index.php\/wp-json\/wp\/v2\/media?parent=16993"}],"wp:term":[{"taxonomy":"category","embeddable":true,"href":"https:\/\/247stiri.ro\/index.php\/wp-json\/wp\/v2\/categories?post=16993"},{"taxonomy":"post_tag","embeddable":true,"href":"https:\/\/247stiri.ro\/index.php\/wp-json\/wp\/v2\/tags?post=16993"}],"curies":[{"name":"wp","href":"https:\/\/api.w.org\/{rel}","templated":true}]}}