{"id":17133,"date":"2024-12-17T08:46:25","date_gmt":"2024-12-17T08:46:25","guid":{"rendered":"https:\/\/247stiri.ro\/index.php\/2024\/12\/17\/final-de-decembrie-cu-temperaturi-mai-ridicate-decat-cele-specifice-acestei-perioade-din-an-cum-va-fi-inceputul-lui-ianuarie-prognoza-anm-pe-4-saptamani\/"},"modified":"2024-12-17T08:46:25","modified_gmt":"2024-12-17T08:46:25","slug":"final-de-decembrie-cu-temperaturi-mai-ridicate-decat-cele-specifice-acestei-perioade-din-an-cum-va-fi-inceputul-lui-ianuarie-prognoza-anm-pe-4-saptamani","status":"publish","type":"post","link":"https:\/\/247stiri.ro\/index.php\/2024\/12\/17\/final-de-decembrie-cu-temperaturi-mai-ridicate-decat-cele-specifice-acestei-perioade-din-an-cum-va-fi-inceputul-lui-ianuarie-prognoza-anm-pe-4-saptamani\/","title":{"rendered":"Final de decembrie cu temperaturi mai ridicate dec\u00e2t cele specifice acestei perioade din an. Cum va fi \u00eenceputul lui ianuarie: prognoza ANM pe 4 s\u0103pt\u0103m\u00e2ni"},"content":{"rendered":"<p>S\u0103pt\u0103m\u00e2na 16.12.2024 \u2013 23.12.2024<\/p>\n<p>Valorile termice vor fi mai ridicate dec\u00e2t cele specifice pentru aceast\u0103 s\u0103pt\u0103m\u00e2n\u0103, pe \u00eentreg teritoriul Rom\u00e2niei, dar cu o abatere termic\u0103 pozitiv\u0103 mai accentuat\u0103 \u00een extremitatea de nord-est a \u021b\u0103rii.<\/p>\n<p>Regimul pluviometric va fi u\u0219or deficitar \u00een regiunile vestice \u0219i local \u00een cele sudice \u0219i estice, iar \u00een rest se va situa \u00een general \u00een jurul celui normal pentru acest interval.<\/p>\n<p>S\u0103pt\u0103m\u00e2na 23.12.2024 \u2013 30.12.2024<\/p>\n<p>Temperaturile medii vor fi u\u0219or mai ridicate dec\u00e2t cele normale pentru aceast\u0103 perioad\u0103 \u00een regiunile sudice \u0219i estice, iar \u00een rest vor fi \u00een general apropiate de cele normale.<\/p>\n<p>Cantit\u0103\u021bile de precipita\u021bii vor fi \u00een general apropiate de cele normale pentru acest interval, \u00een cea mai mare parte a \u021b\u0103rii, cu posibilitatea unui u\u0219or excedent \u00een extremitatea de sud a teritoriului.<\/p>\n<p>S\u0103pt\u0103m\u00e2na 30.12.2024 \u2013 06.01.2025<\/p>\n<p>Temperatura medie a aerului va avea valori u\u0219or mai ridicate dec\u00e2t cele normale pentru aceast\u0103 perioad\u0103, \u00een cea mai mare parte a \u021b\u0103rii.Regimul pluviometric se va situa \u00een general \u00een jurul celui normal pentru acest interval, \u00een toate regiunile.\u00a0<\/p>\n<p>S\u0103pt\u0103m\u00e2na 06.01.2025 \u2013 13.01.2025<\/p>\n<p>Mediile valorilor termice se vor situa u\u0219or peste cele specifice pentru aceast\u0103 s\u0103pt\u0103m\u00e2n\u0103, pe \u00eentreg teritoriul Rom\u00e2niei.Cantit\u0103\u021bile de precipita\u021bii estimate pentru aceast\u0103 perioad\u0103 vor fi apropiate de cele normale, \u00een toate regiunile.<\/p>","protected":false},"excerpt":{"rendered":"<p>S\u0103pt\u0103m\u00e2na 16.12.2024 \u2013 23.12.2024 Valorile termice vor fi mai ridicate dec\u00e2t cele specifice pentru aceast\u0103&hellip;<\/p>\n","protected":false},"author":0,"featured_media":17134,"comment_status":"open","ping_status":"open","sticky":false,"template":"","format":"standard","meta":{"footnotes":""},"categories":[2],"tags":[],"class_list":["post-17133","post","type-post","status-publish","format-standard","has-post-thumbnail","hentry","category-actual"],"_links":{"self":[{"href":"https:\/\/247stiri.ro\/index.php\/wp-json\/wp\/v2\/posts\/17133","targetHints":{"allow":["GET"]}}],"collection":[{"href":"https:\/\/247stiri.ro\/index.php\/wp-json\/wp\/v2\/posts"}],"about":[{"href":"https:\/\/247stiri.ro\/index.php\/wp-json\/wp\/v2\/types\/post"}],"replies":[{"embeddable":true,"href":"https:\/\/247stiri.ro\/index.php\/wp-json\/wp\/v2\/comments?post=17133"}],"version-history":[{"count":0,"href":"https:\/\/247stiri.ro\/index.php\/wp-json\/wp\/v2\/posts\/17133\/revisions"}],"wp:featuredmedia":[{"embeddable":true,"href":"https:\/\/247stiri.ro\/index.php\/wp-json\/wp\/v2\/media\/17134"}],"wp:attachment":[{"href":"https:\/\/247stiri.ro\/index.php\/wp-json\/wp\/v2\/media?parent=17133"}],"wp:term":[{"taxonomy":"category","embeddable":true,"href":"https:\/\/247stiri.ro\/index.php\/wp-json\/wp\/v2\/categories?post=17133"},{"taxonomy":"post_tag","embeddable":true,"href":"https:\/\/247stiri.ro\/index.php\/wp-json\/wp\/v2\/tags?post=17133"}],"curies":[{"name":"wp","href":"https:\/\/api.w.org\/{rel}","templated":true}]}}