{"id":17143,"date":"2024-12-17T09:46:39","date_gmt":"2024-12-17T09:46:39","guid":{"rendered":"https:\/\/247stiri.ro\/index.php\/2024\/12\/17\/se-schimba-jocurile-politice-cine-sunt-noii-candidati-pentru-cursa-de-la-cotroceni-nu-sunt-toti-oameni-politici\/"},"modified":"2024-12-17T09:46:39","modified_gmt":"2024-12-17T09:46:39","slug":"se-schimba-jocurile-politice-cine-sunt-noii-candidati-pentru-cursa-de-la-cotroceni-nu-sunt-toti-oameni-politici","status":"publish","type":"post","link":"https:\/\/247stiri.ro\/index.php\/2024\/12\/17\/se-schimba-jocurile-politice-cine-sunt-noii-candidati-pentru-cursa-de-la-cotroceni-nu-sunt-toti-oameni-politici\/","title":{"rendered":"Se schimb\u0103 jocurile politice. Cine sunt noii CANDIDA\u021aI pentru cursa de la Cotroceni: NU sunt to\u021bi oameni politici"},"content":{"rendered":"<p>\u00a0Avem deja c\u00e2teva personaje care \u0219i-au anun\u021bat oficial candidatura la alegerile de anul viitor.\u00a0<\/p>\n<p>Nicu\u0219or Dan va candida independent \u00eens\u0103 este deschis la discu\u021bii cu partidele pro europene. Totodat\u0103, omul de afaceri controversat Cristian Sima \u0219i-a anun\u021bat oficial candidatura printr-un videoclip postat pe Youtube.<\/p>\n<p>Se vehiculeaz\u0103 \u00eens\u0103 \u0219i numele lui <a href=\"https:\/\/www.realitatea.net\/stiri\/politica\/surse-crin-antonescu-candidat-comun-al-coalitiei-la-prezidentiale_675aac844df35d36d0010f86\" target=\"_blank\">Crin Antonescu<\/a>. El spune c\u0103 nu a primit \u00eens\u0103 o <a href=\"https:\/\/www.realitatea.net\/stiri\/actual\/crin-antonescu-despre-o-posibila-candidatura-la-presedintie-nu-mi-sa-oferit-nu-am-oferit_675ca435d1714638c37fd242\" target=\"_blank\">propunere<\/a> \u00een acest sens p\u00e2n\u0103 la acest moment. De asemenea, numele lui <a href=\"https:\/\/www.realitatea.net\/stiri\/politica\/cine-este-daniel-david-alt-nume-vehiculat-ca-posibil-candidat-la-presedintie_675abbcd617ed03b0255e492\" target=\"_blank\">Daniel David<\/a>, rectorul Universit\u0103\u021bii din Cluj. El a spus ca va candida doar in momentul in care va fi facuta o analiza sociologica din care sa reiasa candidatul perfect in viziunea romanilor, respectiv pe cine ar vota romanii.\u00a0<\/p>\n\n<p>Theodor Paleologu este, de asemenea, un alt nume vehiculat. Numele sau a fost rostit de liderul UDMR Kelemen Hunor, insa spunea Theodor Paleologu ca sunt slabe sanse ca el sa fie acceptat de partidele pro europene.\u00a0<\/p>\n<p>Nu in ultimul rand, Calin Georgescu care, in aceste momente, este candidatul preferat de romani, respectiv candidatul in care romanii au cea mai mare incredere. Ramane de vazut daca va fi validata candidatura sa.\u00a0<\/p>\n<p>\u00a0<\/p>\n<p>\u00a0<\/p>","protected":false},"excerpt":{"rendered":"<p>\u00a0Avem deja c\u00e2teva personaje care \u0219i-au anun\u021bat oficial candidatura la alegerile de anul viitor.\u00a0 Nicu\u0219or&hellip;<\/p>\n","protected":false},"author":0,"featured_media":17144,"comment_status":"open","ping_status":"open","sticky":false,"template":"","format":"standard","meta":{"footnotes":""},"categories":[3],"tags":[],"class_list":["post-17143","post","type-post","status-publish","format-standard","has-post-thumbnail","hentry","category-politica"],"_links":{"self":[{"href":"https:\/\/247stiri.ro\/index.php\/wp-json\/wp\/v2\/posts\/17143","targetHints":{"allow":["GET"]}}],"collection":[{"href":"https:\/\/247stiri.ro\/index.php\/wp-json\/wp\/v2\/posts"}],"about":[{"href":"https:\/\/247stiri.ro\/index.php\/wp-json\/wp\/v2\/types\/post"}],"replies":[{"embeddable":true,"href":"https:\/\/247stiri.ro\/index.php\/wp-json\/wp\/v2\/comments?post=17143"}],"version-history":[{"count":0,"href":"https:\/\/247stiri.ro\/index.php\/wp-json\/wp\/v2\/posts\/17143\/revisions"}],"wp:featuredmedia":[{"embeddable":true,"href":"https:\/\/247stiri.ro\/index.php\/wp-json\/wp\/v2\/media\/17144"}],"wp:attachment":[{"href":"https:\/\/247stiri.ro\/index.php\/wp-json\/wp\/v2\/media?parent=17143"}],"wp:term":[{"taxonomy":"category","embeddable":true,"href":"https:\/\/247stiri.ro\/index.php\/wp-json\/wp\/v2\/categories?post=17143"},{"taxonomy":"post_tag","embeddable":true,"href":"https:\/\/247stiri.ro\/index.php\/wp-json\/wp\/v2\/tags?post=17143"}],"curies":[{"name":"wp","href":"https:\/\/api.w.org\/{rel}","templated":true}]}}