{"id":17155,"date":"2024-12-17T09:46:41","date_gmt":"2024-12-17T09:46:41","guid":{"rendered":"https:\/\/247stiri.ro\/index.php\/2024\/12\/17\/klaus-iohannis-pleaca-la-bruxelles-discutii-cruciale-pentru-securitatea-de-la-granita-romaniei\/"},"modified":"2024-12-17T09:46:41","modified_gmt":"2024-12-17T09:46:41","slug":"klaus-iohannis-pleaca-la-bruxelles-discutii-cruciale-pentru-securitatea-de-la-granita-romaniei","status":"publish","type":"post","link":"https:\/\/247stiri.ro\/index.php\/2024\/12\/17\/klaus-iohannis-pleaca-la-bruxelles-discutii-cruciale-pentru-securitatea-de-la-granita-romaniei\/","title":{"rendered":"Klaus Iohannis pleac\u0103 la Bruxelles. Discu\u021bii cruciale pentru securitatea de la grani\u021ba Rom\u00e2niei"},"content":{"rendered":"<p>Summitul UE-Balcanii de Vest, care va avea loc pe 18 decembrie, se va concentra pe evaluarea implement\u0103rii Planului de Cre\u0219tere pentru aceast\u0103 regiune \u0219i pe eforturile de integrare regional\u0103, \u00een contextul \u00een care extinderea UE reprezint\u0103 principala investi\u021bie geopolitic\u0103 pe care UE o poate realiza \u00een vecin\u0103tatea sa.<\/p>\n<p>\u00cen cadrul Summitului, pre\u0219edintele Klaus Iohannis va exprima angajamentul Rom\u00e2niei fa\u021b\u0103 de perspectiva european\u0103 a regiunii, cu respectarea principiilor meritelor proprii \u0219i a condi\u021bionalit\u0103\u021bilor stricte, precum \u0219i \u00een baza angajamentului partenerilor regionali fa\u021b\u0103 de valorile europene, ca expresie a orient\u0103rii strategice, mai ales \u00een contextul r\u0103zboiului de agresiune al Rusiei \u00eempotriva Ucrainei.<\/p>\n<p>Agenda Consiliului European, care va avea loc pe 19 decembrie, include subiecte precum: Ucraina, migra\u021bia, situa\u021bia din Orientul Mijlociu, preg\u0103tirea UE \u00een domeniul civil \u0219i militar \u0219i r\u0103spunsul la crize, rolul UE \u00een lume \u0219i extinderea Uniunii, Republica Moldova, Georgia, \u0219i aspecte legate de libertate, securitate \u0219i justi\u021bie.<\/p>\n<p>Discu\u021bia liderilor privind Ucraina are ca obiectiv analiza situa\u021biei din teren \u0219i a celor mai adecvate modalit\u0103\u021bi de \u00eendeplinire a angajamentelor de sprijin fa\u021b\u0103 de poporul ucrainean \u0219i de continuare a eforturilor necesare pentru respingerea invaziei ruse \u0219i de a asigura prevalarea dreptului interna\u021bional. Aceast\u0103 reuniune va fi \u0219i un bun prilej de a exprima, la nivel european, un mesaj unitar de sprijin pentru Ucraina \u0219i pentru implementarea unei p\u0103ci juste, cuprinz\u0103toare \u0219i de durat\u0103.<\/p>\n<p>\u00cen cadrul dezbaterii, pre\u0219edintele Rom\u00e2niei va eviden\u021bia c\u0103 este necesar\u0103 continuarea unei abord\u0103ri strategice, multidimensionale \u0219i coerente pentru sus\u021binerea Ucrainei, \u00een str\u00e2ns\u0103 coordonare cu partenerii interna\u021bionali cu care \u00eemp\u0103rt\u0103\u0219im acela\u0219i set de valori.<\/p>\n<p>Referitor la rolul UE \u00een lume, este vizat\u0103 o discu\u021bie strategic\u0103 \u0219i cuprinz\u0103toare la nivelul liderilor asupra c\u0103ii de urmat \u00een ceea ce prive\u0219te angajarea Uniunii la nivel global \u0219i priorit\u0103\u021bile \u00eentr-un context multipolar \u0219i marcat de tensiuni geopolitice.<\/p>\n<p>Tema migra\u021biei va fi abordat\u0103 din perspectiva evalu\u0103rii progreselor \u00eenregistrate \u00een implementarea legisla\u021biei UE \u00een materie, cu accent pe dimensiunea extern\u0103 a migra\u021biei, prevenirea \u0219i combaterea migra\u021biei ilegale, lupta \u00eempotriva instrumentaliz\u0103rii \u0219i a traficului cu migran\u021bi.<\/p>\n<p>\u00cen ceea ce prive\u0219te evolu\u021biile din Orientul Mijlociu, liderii vor analiza situa\u021bia din teren, inclusiv modalit\u0103\u021bile prin care UE poate contribui la eforturile \u00een direc\u021bia dezescalad\u0103rii conflictului. Va fi abordat\u0103, totodat\u0103, situa\u021bia din Siria.<\/p>\n<p>\u00cen marja reuniunilor de la Bruxelles, pre\u0219edintele Klaus Iohannis va avea o \u00eentrevedere cu pre\u0219edintele Consiliului European, Ant\u00f3nio Costa.<\/p>","protected":false},"excerpt":{"rendered":"<p>Summitul UE-Balcanii de Vest, care va avea loc pe 18 decembrie, se va concentra pe&hellip;<\/p>\n","protected":false},"author":0,"featured_media":17147,"comment_status":"open","ping_status":"open","sticky":false,"template":"","format":"standard","meta":{"footnotes":""},"categories":[2],"tags":[],"class_list":["post-17155","post","type-post","status-publish","format-standard","has-post-thumbnail","hentry","category-actual"],"_links":{"self":[{"href":"https:\/\/247stiri.ro\/index.php\/wp-json\/wp\/v2\/posts\/17155","targetHints":{"allow":["GET"]}}],"collection":[{"href":"https:\/\/247stiri.ro\/index.php\/wp-json\/wp\/v2\/posts"}],"about":[{"href":"https:\/\/247stiri.ro\/index.php\/wp-json\/wp\/v2\/types\/post"}],"replies":[{"embeddable":true,"href":"https:\/\/247stiri.ro\/index.php\/wp-json\/wp\/v2\/comments?post=17155"}],"version-history":[{"count":0,"href":"https:\/\/247stiri.ro\/index.php\/wp-json\/wp\/v2\/posts\/17155\/revisions"}],"wp:featuredmedia":[{"embeddable":true,"href":"https:\/\/247stiri.ro\/index.php\/wp-json\/wp\/v2\/media\/17147"}],"wp:attachment":[{"href":"https:\/\/247stiri.ro\/index.php\/wp-json\/wp\/v2\/media?parent=17155"}],"wp:term":[{"taxonomy":"category","embeddable":true,"href":"https:\/\/247stiri.ro\/index.php\/wp-json\/wp\/v2\/categories?post=17155"},{"taxonomy":"post_tag","embeddable":true,"href":"https:\/\/247stiri.ro\/index.php\/wp-json\/wp\/v2\/tags?post=17155"}],"curies":[{"name":"wp","href":"https:\/\/api.w.org\/{rel}","templated":true}]}}