{"id":17162,"date":"2024-12-17T10:44:52","date_gmt":"2024-12-17T10:44:52","guid":{"rendered":"https:\/\/247stiri.ro\/index.php\/2024\/12\/17\/masca-de-par-potrivita-pentru-sezonul-rece-nu-se-va-mai-rupe-si-nici-nu-iti-va-mai-cadea-cum-se-prepara\/"},"modified":"2024-12-17T10:44:52","modified_gmt":"2024-12-17T10:44:52","slug":"masca-de-par-potrivita-pentru-sezonul-rece-nu-se-va-mai-rupe-si-nici-nu-iti-va-mai-cadea-cum-se-prepara","status":"publish","type":"post","link":"https:\/\/247stiri.ro\/index.php\/2024\/12\/17\/masca-de-par-potrivita-pentru-sezonul-rece-nu-se-va-mai-rupe-si-nici-nu-iti-va-mai-cadea-cum-se-prepara\/","title":{"rendered":"Masca de p\u0103r, potrivit\u0103 pentru sezonul rece. Nu se va mai rupe \u0219i nici nu \u00ee\u021bi va mai c\u0103dea: cum se prepar\u0103"},"content":{"rendered":"<p>Acest tratament, inspirat din re\u021betele tradi\u021bionale, hr\u0103ne\u0219te firul de p\u0103r \u00een profunzime, \u00eel protejeaz\u0103 de factorii externi \u0219i stimuleaz\u0103 cre\u0219terea s\u0103n\u0103toas\u0103.<\/p>\n<p>De ce p\u0103rul are nevoie de protec\u021bie suplimentar\u0103 iarna?<\/p>\n<p class=\"svelte-uzyam9\">\u00cen sezonul rece, firul de p\u0103r sufer\u0103 din cauza:<\/p>\n<p class=\"svelte-uzyam9\">Schimb\u0103rilor bru\u0219te de temperatur\u0103\u00a0\u2013 trecerea de la frigul de afar\u0103 la aerul cald \u0219i uscat din interior.<\/p>\n<p class=\"svelte-uzyam9\">Purt\u0103rii c\u0103ciulilor\u00a0\u2013 care pot cauza electrizarea p\u0103rului \u0219i lipsa de volum.<\/p>\n<p class=\"svelte-uzyam9\">Lipsei de umiditate\u00a0\u2013 aerul uscat fragilizeaz\u0103 firele \u0219i le face mai predispuse la rupere.<\/p>\n<p class=\"svelte-uzyam9\">\u00cenc\u0103rc\u0103rii cu produse cosmetice\u00a0\u2013 spumele, fixativele \u0219i balsamurile grele sufoc\u0103 r\u0103d\u0103cina p\u0103rului.<\/p>\n<p>Remediul f\u0103cut \u00een cas\u0103. Ingrediente naturale care redau via\u021ba p\u0103rului<\/p>\n<p class=\"svelte-uzyam9\">Acest tratament DIY folose\u0219te ingrediente naturale, u\u0219or de g\u0103sit, care hr\u0103nesc, hidrateaz\u0103 \u0219i \u00eent\u0103resc p\u0103rul:<\/p>\n<p class=\"svelte-uzyam9\">Ingrediente:<\/p>\n<p class=\"svelte-uzyam9\">Ulei de ricin\u00a0\u2013 2 linguri<\/p>\n<p class=\"svelte-uzyam9\">Miere\u00a0\u2013 1 lingur\u0103<\/p>\n<p class=\"svelte-uzyam9\">G\u0103lbenu\u0219 de ou\u00a0\u2013 1 buc.<\/p>\n<p class=\"svelte-uzyam9\">Ulei de cocos (op\u021bional)\u00a0\u2013 1 lingur\u0103<\/p>\n<p class=\"svelte-uzyam9\">Vitamina E (capsule)\u00a0\u2013 2 capsule (op\u021bional)<\/p>\n<p class=\"svelte-uzyam9\">Zeam\u0103 de l\u0103m\u00e2ie\u00a0\u2013 c\u00e2teva pic\u0103turi<\/p>\n<p>Cum se prepar\u0103 \u0219i se aplic\u0103 remediul?<\/p>\n<p class=\"svelte-uzyam9\">\u00centr-un bol, combin\u0103 uleiul de ricin \u0219i uleiul de cocos (dac\u0103 folose\u0219ti). Adaug\u0103 mierea \u0219i g\u0103lbenu\u0219ul de ou, amestec\u00e2nd energic p\u00e2n\u0103 ob\u021bii o compozi\u021bie omogen\u0103. Adaug\u0103 c\u00e2teva pic\u0103turi de zeam\u0103 de l\u0103m\u00e2ie pentru a preveni mirosul puternic al oului \u0219i capsulele de vitamina E, dac\u0103 le ai.<\/p>\n<p class=\"svelte-uzyam9\">\u00cemparte p\u0103rul \u00een sec\u021biuni pentru a aplica masca uniform. Folosind degetele sau o pensul\u0103, \u00eentinde masca de la r\u0103d\u0103cin\u0103 p\u00e2n\u0103 la v\u00e2rfuri, insist\u00e2nd pe zonele mai uscate sau deteriorate. Acoper\u0103 p\u0103rul cu o folie de plastic sau un prosop cald pentru a intensifica efectul.<\/p>\n<p class=\"svelte-uzyam9\">Las\u0103 masca s\u0103 ac\u021bioneze timp de 30-60 de minute. Cl\u0103te\u0219te bine p\u0103rul cu ap\u0103 c\u0103ldu\u021b\u0103, apoi spal\u0103-l cu un \u0219ampon delicat.<\/p>\n<p>Beneficiile fiec\u0103rui ingredient<\/p>\n<p class=\"svelte-uzyam9\">Uleiul de ricin:\u00a0Stimuleaz\u0103 cre\u0219terea p\u0103rului, \u00eent\u0103re\u0219te r\u0103d\u0103cina \u0219i previne c\u0103derea.<\/p>\n<p class=\"svelte-uzyam9\">Mierea:\u00a0Hidrateaz\u0103 p\u0103rul \u00een profunzime, l\u0103s\u00e2ndu-l moale \u0219i str\u0103lucitor.<\/p>\n<p class=\"svelte-uzyam9\">G\u0103lbenu\u0219ul de ou: Este bogat \u00een proteine \u0219i vitamine (A, D, E), care repar\u0103 firele deteriorate \u0219i previn ruperea.<\/p>\n<p class=\"svelte-uzyam9\">Uleiul de cocos:\u00a0Protejeaz\u0103 p\u0103rul de factorii externi \u0219i reduce pierderea proteinelor din firul de p\u0103r.<\/p>\n<p class=\"svelte-uzyam9\">Vitamina E:\u00a0Lupt\u0103 \u00eempotriva radicalilor liberi care sl\u0103besc structura p\u0103rului.<\/p>\n<p class=\"svelte-uzyam9\">Zeama de l\u0103m\u00e2ie:\u00a0Red\u0103 str\u0103lucirea \u0219i echilibreaz\u0103 pH-ul scalpului.<\/p>\n<p>Cum s\u0103 \u00ee\u021bi men\u021bii p\u0103rul s\u0103n\u0103tos iarna? Sfaturi suplimentare<\/p>\n<p class=\"svelte-uzyam9\">Hidrateaz\u0103-te corespunz\u0103tor:\u00a0Bea mult\u0103 ap\u0103 \u0219i consum\u0103 alimente bogate \u00een vitaminele A, E \u0219i zinc.<\/p>\n<p class=\"svelte-uzyam9\">Evit\u0103 folosirea excesiv\u0103 a aparatelor de coafat:\u00a0Placa, usc\u0103torul \u0219i ondulatorul pot usca \u0219i mai mult p\u0103rul.<\/p>\n<p class=\"svelte-uzyam9\">Folose\u0219te un \u0219ampon delicat:\u00a0Alege formule f\u0103r\u0103 sulfa\u021bi sau parabeni, care s\u0103 nu usuce scalpul.<\/p>\n<p class=\"svelte-uzyam9\">Poart\u0103 c\u0103ciuli din materiale naturale:\u00a0L\u00e2na sau bumbacul sunt mai bl\u00e2nde cu p\u0103rul dec\u00e2t materialele sintetice.<\/p>\n<p class=\"svelte-uzyam9\">Tunde v\u00e2rfurile periodic:\u00a0Pentru a preveni despicarea \u0219i aspectul ne\u00eengrijit.<\/p>\n<p class=\"svelte-uzyam9\">Cu acest remediu f\u0103cut \u00een cas\u0103, nu doar c\u0103 \u00ee\u021bi vei proteja p\u0103rul\u00a0de efectele iernii, dar \u00eei vei oferi \u0219i vitalitatea pierdut\u0103. Este o solu\u021bie simpl\u0103, natural\u0103, f\u0103r\u0103 chimicale, care \u00ee\u021bi va transforma p\u0103rul \u00eentr-un accesoriu s\u0103n\u0103tos \u0219i str\u0103lucitor.<\/p>\n<p class=\"svelte-uzyam9\">Indiferent de temperaturile de afar\u0103, frumuse\u021bea p\u0103rului t\u0103u nu trebuie s\u0103 aib\u0103 de suferit. \u00cencearc\u0103 acest tratament \u0219i bucur\u0103-te de un p\u0103r puternic, hidratat \u0219i plin de via\u021b\u0103 pe tot parcursul iernii!<\/p>\n<p class=\"svelte-uzyam9\">Surs\u0103 text: <a href=\"https:\/\/click.ro\/\" target=\"_blank\">Click.ro<\/a><\/p>","protected":false},"excerpt":{"rendered":"<p>Acest tratament, inspirat din re\u021betele tradi\u021bionale, hr\u0103ne\u0219te firul de p\u0103r \u00een profunzime, \u00eel protejeaz\u0103 de&hellip;<\/p>\n","protected":false},"author":0,"featured_media":17163,"comment_status":"open","ping_status":"open","sticky":false,"template":"","format":"standard","meta":{"footnotes":""},"categories":[8],"tags":[],"class_list":["post-17162","post","type-post","status-publish","format-standard","has-post-thumbnail","hentry","category-lifestyle"],"_links":{"self":[{"href":"https:\/\/247stiri.ro\/index.php\/wp-json\/wp\/v2\/posts\/17162","targetHints":{"allow":["GET"]}}],"collection":[{"href":"https:\/\/247stiri.ro\/index.php\/wp-json\/wp\/v2\/posts"}],"about":[{"href":"https:\/\/247stiri.ro\/index.php\/wp-json\/wp\/v2\/types\/post"}],"replies":[{"embeddable":true,"href":"https:\/\/247stiri.ro\/index.php\/wp-json\/wp\/v2\/comments?post=17162"}],"version-history":[{"count":0,"href":"https:\/\/247stiri.ro\/index.php\/wp-json\/wp\/v2\/posts\/17162\/revisions"}],"wp:featuredmedia":[{"embeddable":true,"href":"https:\/\/247stiri.ro\/index.php\/wp-json\/wp\/v2\/media\/17163"}],"wp:attachment":[{"href":"https:\/\/247stiri.ro\/index.php\/wp-json\/wp\/v2\/media?parent=17162"}],"wp:term":[{"taxonomy":"category","embeddable":true,"href":"https:\/\/247stiri.ro\/index.php\/wp-json\/wp\/v2\/categories?post=17162"},{"taxonomy":"post_tag","embeddable":true,"href":"https:\/\/247stiri.ro\/index.php\/wp-json\/wp\/v2\/tags?post=17162"}],"curies":[{"name":"wp","href":"https:\/\/api.w.org\/{rel}","templated":true}]}}